{"id":1217,"date":"2021-03-02T12:30:11","date_gmt":"2021-03-02T12:30:11","guid":{"rendered":"http:\/\/www.audreydamas.com\/?p=1217"},"modified":"2021-03-02T21:17:56","modified_gmt":"2021-03-02T21:17:56","slug":"regards-croises-sur-lentrepreneuriat-de-demain-le-nouveau-paradigme-du-travail-lapprentissage-a-partir-de-lechec-la-resilience-la-revolution-numerique-et-la-deshumanisat","status":"publish","type":"post","link":"https:\/\/www.audreydamas.com\/fr\/regards-croises-sur-lentrepreneuriat-de-demain-le-nouveau-paradigme-du-travail-lapprentissage-a-partir-de-lechec-la-resilience-la-revolution-numerique-et-la-deshumanisat\/","title":{"rendered":"Regards crois\u00e9s sur l\u2019entrepreneuriat de demain, le nouveau paradigme du travail, l\u2019apprentissage \u00e0 partir de l\u2019\u00e9chec, la r\u00e9silience, la r\u00e9volution num\u00e9rique et la d\u00e9shumanisation."},"content":{"rendered":"\n<div class=\"wp-block-image\"><figure class=\"aligncenter size-large is-resized\"><img loading=\"lazy\" decoding=\"async\" src=\"http:\/\/www.audreydamas.com\/wp-content\/uploads\/2021\/02\/424_curvisme_las_manos_55_x_40-699x1024.jpg\" alt=\"\" class=\"wp-image-1190\" width=\"334\" height=\"488\" srcset=\"https:\/\/www.audreydamas.com\/wp-content\/uploads\/2021\/02\/424_curvisme_las_manos_55_x_40-699x1024.jpg 699w, https:\/\/www.audreydamas.com\/wp-content\/uploads\/2021\/02\/424_curvisme_las_manos_55_x_40-205x300.jpg 205w, https:\/\/www.audreydamas.com\/wp-content\/uploads\/2021\/02\/424_curvisme_las_manos_55_x_40-768x1125.jpg 768w, https:\/\/www.audreydamas.com\/wp-content\/uploads\/2021\/02\/424_curvisme_las_manos_55_x_40-1049x1536.jpg 1049w, https:\/\/www.audreydamas.com\/wp-content\/uploads\/2021\/02\/424_curvisme_las_manos_55_x_40-1398x2048.jpg 1398w, https:\/\/www.audreydamas.com\/wp-content\/uploads\/2021\/02\/424_curvisme_las_manos_55_x_40-scaled.jpg 1748w\" sizes=\"auto, (max-width: 334px) 100vw, 334px\" \/><figcaption><a href=\"https:\/\/www.audreydamas.com\/fr\/interview-de-richard-martin-le-courbisme-un-antidote-a-la-deshumanisation\/\">Richard Martin,<\/a>  Curvisme &#8211; <a href=\"https:\/\/www.singulart.com\/fr\/artiste\/richard-martin-18361\">Les Mains<\/a><\/figcaption><\/figure><\/div>\n\n\n\n<p class=\"wp-block-paragraph\">Le monde est en proie \u00e0 de profonds changements globaux, \u00e0 une transformation \u00e0 la fois mat\u00e9rielle, sociale, \u00e9conomique, technologique, scientifique et spirituelle. Comment pouvons-nous accompagner ce changement et lui donner du sens? Comment souhaitons-nous vivre sur les plans personnel et collectif ? Comment pouvons-nous tendre vers la construction de nouveaux paradigmes de soci\u00e9t\u00e9s et d\u2019\u00e9conomies plus durables, inclusifs et \u00e9quitables?<\/p>\n\n\n\n<div class=\"wp-block-image\"><figure class=\"aligncenter size-large is-resized\"><img decoding=\"async\" src=\"http:\/\/www.audreydamas.com\/wp-content\/uploads\/2021\/02\/SsKJIMVR_400x400.jpg\" alt=\"\" class=\"wp-image-1138\" width=\"-336\" height=\"-339\" srcset=\"https:\/\/www.audreydamas.com\/wp-content\/uploads\/2021\/02\/SsKJIMVR_400x400.jpg 378w, https:\/\/www.audreydamas.com\/wp-content\/uploads\/2021\/02\/SsKJIMVR_400x400-300x300.jpg 300w, https:\/\/www.audreydamas.com\/wp-content\/uploads\/2021\/02\/SsKJIMVR_400x400-150x150.jpg 150w, https:\/\/www.audreydamas.com\/wp-content\/uploads\/2021\/02\/SsKJIMVR_400x400-270x270.jpg 270w, https:\/\/www.audreydamas.com\/wp-content\/uploads\/2021\/02\/SsKJIMVR_400x400-230x230.jpg 230w\" sizes=\"(max-width: 378px) 100vw, 378px\" \/><figcaption>Andr\u00e9 Vanyi-Robin, Fondateur et CEO de <a href=\"https:\/\/nozama.green\/esp\/\">Nozama Green<\/a><\/figcaption><\/figure><\/div>\n\n\n\n<p class=\"wp-block-paragraph\">Aujourd&rsquo;hui, je souhaiterais aborder, de nouveau, avec <a href=\"https:\/\/nozama.green\/esp\/\">Andr\u00e9 Vanyi-Robin<\/a> &#8211; entrepreneur franco-hongrois n\u00e9 \u00e0 New York qui vit actuellement \u00e0 Barcelone &#8211; <strong>les d\u00e9fis de l&rsquo;entrepreneuriat et de la r\u00e9invention professionnelle, la question de l\u2019\u00e9chec entrepreneurial et de la r\u00e9silience, et enfin, celle de la r\u00e9volution num\u00e9rique et son corollaire, le risque de d\u00e9shumanisation. <\/strong>Nous avons co-\u00e9crit un livre sur l&rsquo;\u00e9chec entrepreneurial, <em><a href=\"https:\/\/www.librosdecabecera.com\/he-fracasado-y-que\">He fracasado, y qu\u00e9<\/a><\/em> , il y a plus de six ans maintenant et je suis convaincue que les apprentissages partag\u00e9s par Andr\u00e9 \u00e0 l&rsquo;\u00e9poque pourraient \u00eatre utiles face \u00e0 <a href=\"https:\/\/www.audreydamas.com\/fr\/interview-de-luc-bige-au-nom-de-la-science-du-sens-et-de-la-conscience\/\">l&rsquo;acc\u00e9l\u00e9ration de l&rsquo;effondrement des structures actuelles<\/a>. <strong>Un effondrement qui nous oblige \u00e0 consacrer plus de temps \u00e0 l\u2019introspection, au silence et \u00e0 faire un examen approfondi de nos valeurs, convictions, croyances et de notre fa\u00e7on d&rsquo;\u00eatre, de travailler et de vivre.<\/strong> <strong>Une \u00e9tape qui n\u2019est pas exempte de douleur \u2013 bien que tr\u00e8s lib\u00e9ratrice \u2013 et qui peut favoriser l&rsquo;\u00e9mergence d&rsquo;individus \u00e9panouis, plus autonomes, actifs et collaboratifs. <\/strong>Ce processus d&rsquo;individuation constitue <strong>un maillon essentiel<\/strong> <strong>dans la construction d&rsquo;un nouveau paradigme holistique<\/strong>. Dans cet entretien, interviennent \u00e9galement d\u2019autres entrepreneurs afin d\u2019alimenter cette culture du contraste, de refl\u00e9ter une diversit\u00e9 d\u2019opinions et d&rsquo;apporter des pistes de r\u00e9flexion constructives : <a href=\"https:\/\/www.taranna.com\/viajes\/\">Felisa Palacio<\/a>, <a href=\"https:\/\/www.elisabetbach.com\/es\/\">Elisabet Bach<\/a>, <a href=\"https:\/\/www.memoryteca.com\/\">Pasqual Almudeve,<\/a> <a href=\"https:\/\/www.ship2b.org\/\">Xavier Pont<\/a>, <a href=\"https:\/\/www.cyberclick.es\/\">David Tom\u00e1s<\/a> et <a href=\"https:\/\/www.instituteofnext.com\/\">Alfons Cornella<\/a>.<\/p>\n\n\n\n<div class=\"wp-block-image\"><figure class=\"aligncenter size-large is-resized\"><img loading=\"lazy\" decoding=\"async\" src=\"http:\/\/www.audreydamas.com\/wp-content\/uploads\/2020\/08\/he-fracasado-y-que_spine-694x1024.jpg\" alt=\"\" class=\"wp-image-403\" width=\"446\" height=\"657\" srcset=\"https:\/\/www.audreydamas.com\/wp-content\/uploads\/2020\/08\/he-fracasado-y-que_spine-694x1024.jpg 694w, https:\/\/www.audreydamas.com\/wp-content\/uploads\/2020\/08\/he-fracasado-y-que_spine-203x300.jpg 203w, https:\/\/www.audreydamas.com\/wp-content\/uploads\/2020\/08\/he-fracasado-y-que_spine-768x1133.jpg 768w, https:\/\/www.audreydamas.com\/wp-content\/uploads\/2020\/08\/he-fracasado-y-que_spine-1041x1536.jpg 1041w, https:\/\/www.audreydamas.com\/wp-content\/uploads\/2020\/08\/he-fracasado-y-que_spine-1388x2048.jpg 1388w, https:\/\/www.audreydamas.com\/wp-content\/uploads\/2020\/08\/he-fracasado-y-que_spine-scaled.jpg 1735w\" sizes=\"auto, (max-width: 446px) 100vw, 446px\" \/><figcaption><a href=\"https:\/\/www.audreydamas.com\/fr\/livres\/\">Les erreurs sont une opportunit\u00e9 d\u2019apprentissage<\/a><br>Notre plus grand frein culturel est la peur de l&rsquo;\u00e9chec. Nous devons promouvoir un changement d&rsquo;attitude et repenser le syst\u00e8me \u00e9ducatif. La situation la plus dramatique peut devenir le point de d\u00e9part d&rsquo;une profonde transformation. <strong>Apprenons \u00e0 rire des malheurs et dans le malheur.<\/strong> <strong>La diff\u00e9rence entre ce que nous sommes et ce que nous voulons r\u00e9side dans ce que nous faisons. <\/strong>Parfois, nous perdons notre temps \u00e0 chercher des explications ou des r\u00e9ponses \u00e0 ce qui nous arrive, <strong>mais la seule chose que nous pouvons obtenir, ce sont des exp\u00e9riences<\/strong>. <a href=\"https:\/\/www.audreydamas.com\/entrevista-a-luc-bige-en-nombre-de-la-ciencia-del-sentido-y-de-la-conciencia\/\">Nous ne pouvons \u00e9viter des moments de grandes difficult\u00e9s, de douleur, de souffrance, mais nous disposons toujours de notre libre arbitre pour d\u00e9cider comment y faire face et comment les transformer.<\/a><\/figcaption><\/figure><\/div>\n\n\n\n<p class=\"wp-block-paragraph\"><strong>Le changement incessant constitue la nouvelle norme <\/strong>et ce qui est \u00e0 venir ne ressemble en rien \u00e0 ce que nous avons connu jusqu&rsquo;\u00e0 pr\u00e9sent. <strong>L&rsquo;\u00e9conomie mondiale doit faire face \u00e0 des d\u00e9fis inconnus qui requi\u00e8rent coop\u00e9ration, collaboration, flexibilit\u00e9 et rapidit\u00e9.<\/strong> <strong>L\u2019ann\u00e9e 2020 n&rsquo;a rien fait de plus que de mettre en exergue les probl\u00e8mes non r\u00e9solus (pauvret\u00e9, in\u00e9galit\u00e9s croissantes, d\u00e9gradation de l&rsquo;environnement, diminution de la biodiversit\u00e9\u2026 ) <\/strong>et tout qui ne fonctionne plus, tant au niveau organisationnel que personnel. En effet, nous assistons, aujourd\u2019hui, \u00e0 <strong>l&rsquo;essor d&rsquo;une r\u00e9volution num\u00e9rique <\/strong>qui s\u2019av\u00e8re \u00eatre indispensable pour cr\u00e9er de nouvelles sources de croissance, modifier la culture organisationnelle et faciliter cette transition. Cependant, <strong>il nous incombe, plus que jamais, d&rsquo;\u00e9viter l&rsquo;\u00e9cueil de la d\u00e9shumanisation car cette num\u00e9risation engendre une d\u00e9mat\u00e9rialisation des interactions et des processus.<\/strong> <strong>Nous tendons facilement \u00e0 oublier que la technologie doit servir les gens<\/strong> et qu&rsquo;elle ne doit laisser personne de c\u00f4t\u00e9 car elle a un impact ind\u00e9niable sur les in\u00e9galit\u00e9s. <strong>Tout va tr\u00e8s vite, <a href=\"https:\/\/www.audreydamas.com\/fr\/interview-dariane-bilheran-education-et-liberte-versus-mecanismes-de-la-manipulation-par-la-peur\/\">il va donc falloir se positionner, plus t\u00f4t que plus tard,<\/a><\/strong> et faire <strong>un choix entre un futur transhumaniste fond\u00e9 sur le concept d\u2019un homme augment\u00e9, d\u00e9poss\u00e9d\u00e9 de sa souverainet\u00e9 (corps, psychisme, esprit) ou celle d&rsquo;un homme ayant int\u00e9gr\u00e9 cette nouvelle r\u00e9alit\u00e9 avec l&rsquo;intelligence du c\u0153ur.<\/strong><\/p>\n\n\n\n<p class=\"wp-block-paragraph\">Nous vivons une <strong>crise sans pr\u00e9c\u00e9dent<\/strong> mais ces <strong>circonstances sont porteuses d\u2019une graine de m\u00e9tamorphose tr\u00e8s puissante<\/strong>. Rappelons que le mot crise vient du nom grec \u00abkrisis\u00bb qui signifie d\u00e9cision et c&rsquo;est l\u00e0 que r\u00e9side le paradoxe : <strong>toute crise porte le germe d&rsquo;un changement, aussi douloureux et difficile qu\u2019il soit.<\/strong> Dans <em><a href=\"https:\/\/www.audreydamas.com\/libros\/he-fracasado-y-que-reflexiones-de-un-emprendedor-de-exito-ed-libros-de-cabecera-2014\/\">He fracasado, y qu\u00e9<\/a><\/em>, Andr\u00e9 \u00e9voque les <strong>diff\u00e9rentes facettes de la vie d&rsquo;un entrepreneur<\/strong> et partage ses exp\u00e9riences de vie et ses \u00e9motions intimes avec une grande pudeur. Son leitmotiv : affronter ses peurs et ses probl\u00e8mes afin d\u2019y rem\u00e9dier. <strong>Ses r\u00e9flexions concernent les diff\u00e9rents aspects de la d\u00e9marche entrepreneuriale : l\u2019\u00e9chec et la mani\u00e8re de le d\u00e9passer, l&rsquo;autogestion de l&rsquo;entrepreneur, la conception et la r\u00e9alisation de nouveaux projets, l\u2019int\u00e9gration des apprentissages.<\/strong> <strong>Face \u00e0 la destruction de l\u2019\u00e9conomie, des petites et moyennes entreprises qui s\u2019av\u00e8rent \u00eatre indispensables pour le tissu entrepreneurial, l\u2019augmentation de la pr\u00e9carit\u00e9 et du r\u00f4le de l\u2019\u00c9tat-nation contr\u00f4l\u00e9 par les grands groupes, quelles propositions de solutions peut-on apporter ?<\/strong><\/p>\n\n\n\n<p class=\"wp-block-paragraph\">Quel regard Andr\u00e9 porte-t-il \u00e0 pr\u00e9sent sur ces r\u00e9flexions ? \u00c0 mes yeux, <strong>il incarne l\u2019essence m\u00eame de l&rsquo;entrepreneuriat<\/strong>, c&rsquo;est-\u00e0-dire <strong>la capacit\u00e9 de s&rsquo;explorer int\u00e9rieurement pour mieux se comprendre et la capacit\u00e9 de croire pour \u00ab cr\u00e9er du sens \u00bb.<\/strong> Ce chemin vers la <strong>connaissance de soi<\/strong> n&rsquo;est pas ais\u00e9 mais il nous aide <strong>\u00e0 d\u00e9finir ce qui nous passionne dans la vie<\/strong>, <strong>\u00e0 prendre conscience de nos forces et de nos faiblesses <\/strong>afin de <strong>cr\u00e9er une vie, personnelle et professionnelle, en harmonie avec notre v\u00e9ritable nature.<\/strong> Aujourd&rsquo;hui, apr\u00e8s diverses exp\u00e9riences entrepreneuriales, Andr\u00e9 est le fondateur de <a href=\"https:\/\/nozama.green\/esp\/\">Nozama Green<\/a>, une entreprise qui s&rsquo;engage pour le d\u00e9veloppement durable et la protection de l&rsquo;environnement en proposant la r\u00e9cup\u00e9ration des emballages lors des livraisons \u00e0 domicile.<\/p>\n\n\n\n<p class=\"wp-block-paragraph\"><strong>Andr\u00e9, comment d\u00e9finirais-tu l\u2019entrepreneuriat ?<\/strong><\/p>\n\n\n\n<p class=\"wp-block-paragraph\">Quand j\u2019\u00e9tais jeune, mon grand-p\u00e8re me demanda un jour ce que j\u2019aimerais faire plus tard. Je lui r\u00e9pondis que je voulais me r\u00e9aliser et gagner ma vie en faisant des choses que j\u2019aime. <\/p>\n\n\n\n<p class=\"wp-block-paragraph\"><strong>Et cela d\u00e9pend uniquement de nous, pas des autres.<\/strong><\/p>\n\n\n\n<div class=\"wp-block-media-text alignwide is-stacked-on-mobile\" style=\"grid-template-columns:20% auto\"><figure class=\"wp-block-media-text__media\"><img loading=\"lazy\" decoding=\"async\" width=\"512\" height=\"512\" src=\"http:\/\/www.audreydamas.com\/wp-content\/uploads\/2021\/02\/Alfons-11.jpg\" alt=\"\" class=\"wp-image-1182 size-full\" srcset=\"https:\/\/www.audreydamas.com\/wp-content\/uploads\/2021\/02\/Alfons-11.jpg 512w, https:\/\/www.audreydamas.com\/wp-content\/uploads\/2021\/02\/Alfons-11-300x300.jpg 300w, https:\/\/www.audreydamas.com\/wp-content\/uploads\/2021\/02\/Alfons-11-150x150.jpg 150w, https:\/\/www.audreydamas.com\/wp-content\/uploads\/2021\/02\/Alfons-11-270x270.jpg 270w, https:\/\/www.audreydamas.com\/wp-content\/uploads\/2021\/02\/Alfons-11-230x230.jpg 230w\" sizes=\"auto, (max-width: 512px) 100vw, 512px\" \/><\/figure><div class=\"wp-block-media-text__content\">\n<blockquote class=\"wp-block-quote is-layout-flow wp-block-quote-is-layout-flow\"><p><strong>Il y a quelques ann\u00e9es, tu as \u00e9crit que l\u2019entrepreneuriat consistait \u00e0 \u00ab s\u2019entreprendre soi-m\u00eame \u00bb. Changerais-tu, \u00e0 pr\u00e9sent, quelque chose \u00e0 cette d\u00e9finition?<\/strong><\/p><p><span class=\"has-inline-color has-luminous-vivid-orange-color\">\u00ab <strong>L&rsquo;entrepreneur ne peut s&#8217;emp\u00eacher d\u2019entreprendre car quelque chose en lui l\u2019incite constamment \u00e0 remettre en question tout ce qui l\u2019entoure. <\/strong>M\u00eame s\u2019il sait qu\u2019il rencontrera de tr\u00e8s nombreuses difficult\u00e9s sur son chemin &#8211; \u00e0 moins de b\u00e9n\u00e9ficier de ressources \u00abfaciles\u00bb provenant de la famille, par exemple, aspect que l\u2019on retrouve souvent chez les entrepreneurs \u00e0 succ\u00e8s -, il entreprendra tout de m\u00eame, m\u00fb par un instinct puissant.<\/span><\/p><p><span class=\"has-inline-color has-luminous-vivid-orange-color\"><strong>S&rsquo;il n\u2019entreprend pas, il ne peut  donc pas se r\u00e9aliser lui-m\u00eame<\/strong>. Schumpeter <em><span id='easy-footnote-1-1217' class='easy-footnote-margin-adjust'><\/span><span class='easy-footnote'><a href='https:\/\/www.audreydamas.com\/fr\/regards-croises-sur-lentrepreneuriat-de-demain-le-nouveau-paradigme-du-travail-lapprentissage-a-partir-de-lechec-la-resilience-la-revolution-numerique-et-la-deshumanisat\/#easy-footnote-bottom-1-1217' title=' Joseph Alo\u00efs Schumpeter(1883-1950) est un \u00e9conomiste et professeur en science politique autrichien naturalis\u00e9 am\u00e9ricain, connu pour ses th\u00e9ories sur les fluctuations \u00e9conomiques, la destruction cr\u00e9atrice et l&amp;rsquo;innovation. &lt;a href=&quot;https:\/\/journals.openedition.org\/interventionseconomiques\/1690&quot;&gt;Selon lui, l\u2019entrepreneur intervient constamment puisqu\u2019il est le moteur de la dynamique du capitalisme, donnant vie au processus de \u00ab destruction cr\u00e9atrice \u00bb sur lequel repose le capitalisme.&lt;\/a&gt;'><sup>1<\/sup><\/a><\/span><\/em>disait d\u00e9j\u00e0 qu&rsquo;\u00e0 la base de l&rsquo;attitude entrepreneuriale se trouve un certain h\u00e9donisme : l&rsquo;entrepreneur recherche le plaisir de faire, et il s&rsquo;ennuie lorsqu\u2019il fait ce qu&rsquo;il ne veut pas faire.<\/span><\/p><p><span class=\"has-inline-color has-luminous-vivid-orange-color\">Alors oui, entreprendre c&rsquo;est un peu \u00ab se faire soi-m\u00eame \u00bb, chercher ce qui  donne de l&rsquo;\u00e9nergie et du sens. Mais parmi les entrepreneurs que j&rsquo;ai rencontr\u00e9s, bon nombre d&rsquo;entre eux ont choisi cette voie car leur environnement les a pouss\u00e9s \u00e0 le faire. <strong>Je crois sinc\u00e8rement qu&rsquo;il y a beaucoup d\u2019entrepreneurs qui ne devraient pas entreprendre, car ils ne disposent ni de l&rsquo;\u00e9nergie ni de la r\u00e9silience n\u00e9cessaires pour endurer toutes les difficult\u00e9s qu\u2019ils devront traverser.<\/strong> \u00bb<\/span><\/p><cite><strong>ALFONS CORNELLA<\/strong><br>FONDATEUR <a href=\"https:\/\/www.instituteofnext.com\/\">INSTITUT OF NEXT BY INFONOMIA<\/a>, AUTEUR DE PLUS DE 30 LIBRES SUR L&rsquo;INNOVATION ET LA TECHNOLOGIE POUR LES ENTREPRISES.<\/cite><\/blockquote>\n<\/div><\/div>\n\n\n\n<p class=\"wp-block-paragraph\"><strong>Face \u00e0 cette situation \u00e9conomique sans pr\u00e9c\u00e9dent et face \u00e0 tant d&rsquo;inconnues, qu\u2019observes-tu dans le tissu entrepreneurial espagnol : une adaptabilit\u00e9 ou plut\u00f4t une certaine passivit\u00e9 teint\u00e9e de d\u00e9ni face au changement?<\/strong><\/p>\n\n\n\n<p class=\"wp-block-paragraph\">Actuellement, les entrepreneurs font preuve d\u2019adaptation afin de cr\u00e9er des mod\u00e8les d\u2019entreprises pouvant s&rsquo;int\u00e9grer dans la nouvelle \u00e8re. Celle-ci est, bien \u00e9videmment, domin\u00e9e par la vente en ligne. Si auparavant il y avait encore quelques r\u00e9calcitrants face \u00e0 la fermeture des magasins, <strong>le Coronavirus et la r\u00e9ponse du gouvernement ont condamn\u00e9 les commerces de proximit\u00e9 et magasins ayant pignon sur rue. La r\u00e9invention est d\u00e9sormais vitale.<\/strong><\/p>\n\n\n\n<div class=\"wp-block-media-text alignwide has-media-on-the-right is-stacked-on-mobile\" style=\"grid-template-columns:auto 15%\"><figure class=\"wp-block-media-text__media\"><img loading=\"lazy\" decoding=\"async\" width=\"193\" height=\"245\" src=\"http:\/\/www.audreydamas.com\/wp-content\/uploads\/2021\/02\/Pasqual-1.png\" alt=\"\" class=\"wp-image-1089 size-full\"\/><\/figure><div class=\"wp-block-media-text__content\">\n<blockquote class=\"wp-block-quote is-layout-flow wp-block-quote-is-layout-flow\"><p><span class=\"has-inline-color has-luminous-vivid-amber-color\">\u00ab On observe tr\u00e8s clairement <strong>une adaptation des entreprises aux circonstances actuelles.<\/strong> La plus significative \u00e9tant, \u00e0 mes yeux, <strong>une \u00e9volution et une g\u00e9n\u00e9ralisation des projets num\u00e9riques<\/strong> qui ont, d\u00e9finitivement, gagn\u00e9 du terrain par rapport aux projets traditionnels. La tendance actuelle, et future, passera par <strong>le d\u00e9veloppement d\u2019outils et d\u2019investissements num\u00e9riques au d\u00e9triment des environnements physiques. \u00bb<\/strong><\/span><\/p><cite><strong>PASQUAL ALMUDEVE<\/strong><br>Entrepreneur, <a href=\"https:\/\/www.memoryteca.com\/\">CO-Fondateur DE MEMORYTECA<\/a>, Avocat et consultant.<\/cite><\/blockquote>\n<\/div><\/div>\n\n\n\n<div class=\"wp-block-media-text alignwide is-stacked-on-mobile\" style=\"grid-template-columns:15% auto\"><figure class=\"wp-block-media-text__media\"><img loading=\"lazy\" decoding=\"async\" width=\"681\" height=\"886\" src=\"http:\/\/www.audreydamas.com\/wp-content\/uploads\/2021\/02\/Elisabet-Bach_3-5.jpg\" alt=\"\" class=\"wp-image-1213 size-full\" srcset=\"https:\/\/www.audreydamas.com\/wp-content\/uploads\/2021\/02\/Elisabet-Bach_3-5.jpg 681w, https:\/\/www.audreydamas.com\/wp-content\/uploads\/2021\/02\/Elisabet-Bach_3-5-231x300.jpg 231w\" sizes=\"auto, (max-width: 681px) 100vw, 681px\" \/><\/figure><div class=\"wp-block-media-text__content\">\n<blockquote class=\"wp-block-quote is-layout-flow wp-block-quote-is-layout-flow\"><p><span class=\"has-inline-color has-vivid-red-color\">\u00ab J<strong>\u2019observe les deux attitudes. D\u2019une part, une r\u00e9action pour faire face \u00e0 cette situation d\u00e9favorable et la d\u00e9passer en faisant preuve d\u2019ing\u00e9niosit\u00e9 et de r\u00e9silience. <\/strong>Certaines entreprises ont r\u00e9ussi \u00e0 surmonter cette situation et en sortent renforc\u00e9es ; d\u2019autres ont g\u00e9n\u00e9r\u00e9 des revenus mais seulement pour couvrir partiellement leurs frais et prolonger leurs ressources financi\u00e8res afin de tenir jusqu\u2019au retour d\u2019une certaine \u00ab normalit\u00e9 \u00bb. <strong>D\u2019autre part, j\u2019observe une attitude qui consiste \u00e0 attendre \u00e0 ce que \u00e7a passe.<\/strong><\/span><\/p><p><span class=\"has-inline-color has-vivid-red-color\">Cependant, le prolongement de cette situation se traduit par de la fatigue et de la peur chez les personnes qui esp\u00e8rent s\u2019en sortir mais qui voient leurs ressources financi\u00e8res s\u2019amenuiser jour apr\u00e8s jour.<\/span><\/p><p><span class=\"has-inline-color has-vivid-red-color\">Il est vrai \u00e9galement que <strong>l\u2019incidence des effets de la pand\u00e9mie varie selon les secteurs. Pour certains, cr\u00e9er de la demande rel\u00e8ve davantage d\u2019une r\u00e9invention sectorielle que d\u2019une r\u00e9invention de l\u2019entreprise au sens strict<\/strong>, comme pour les agences de voyage ou le monde du spectacle par exemple. Dans le cas des restaurants, certains ont opt\u00e9 pour la livraison \u00e0 domicile \u2013 avec des succ\u00e8s complets ou partiels- .\u00bb<\/span><\/p><cite><strong>ELISABET BACH<\/strong><br>\u00c9CONOMISTE ET <a href=\"https:\/\/www.elisabetbach.com\/es\/\">CONSULTANTE <\/a>POUR LA CR\u00e9ation et la consolidation d&rsquo;entreprises.<\/cite><\/blockquote>\n<\/div><\/div>\n\n\n\n<p class=\"wp-block-paragraph\"><strong>Comment affrontes-tu cette p\u00e9riode d\u2019incertitudes entrepreneuriales?<\/strong><\/p>\n\n\n\n<p class=\"wp-block-paragraph\">Il s\u2019agit \u00e0 pr\u00e9sent de <strong>repartir d\u2019une feuille blanche<\/strong> <strong>et de red\u00e9marrer tout \u00e0 z\u00e9ro<\/strong> en projetant la r\u00e9alit\u00e9 que l\u2019on veut vivre. <strong>Les pr\u00e9jug\u00e9s sont des entraves qui nous emp\u00eachent de nous adapter \u00e0 ce nouveau monde. Toute activit\u00e9 commerciale doit \u00eatre abord\u00e9e avec un regard neuf.<\/strong><\/p>\n\n\n\n<div class=\"wp-block-media-text alignwide has-media-on-the-right is-stacked-on-mobile\" style=\"grid-template-columns:auto 19%\"><figure class=\"wp-block-media-text__media\"><img loading=\"lazy\" decoding=\"async\" width=\"400\" height=\"400\" src=\"http:\/\/www.audreydamas.com\/wp-content\/uploads\/2021\/02\/zv7-wllZ_400x400.png\" alt=\"\" class=\"wp-image-1132 size-full\" srcset=\"https:\/\/www.audreydamas.com\/wp-content\/uploads\/2021\/02\/zv7-wllZ_400x400.png 400w, https:\/\/www.audreydamas.com\/wp-content\/uploads\/2021\/02\/zv7-wllZ_400x400-300x300.png 300w, https:\/\/www.audreydamas.com\/wp-content\/uploads\/2021\/02\/zv7-wllZ_400x400-150x150.png 150w, https:\/\/www.audreydamas.com\/wp-content\/uploads\/2021\/02\/zv7-wllZ_400x400-270x270.png 270w, https:\/\/www.audreydamas.com\/wp-content\/uploads\/2021\/02\/zv7-wllZ_400x400-230x230.png 230w\" sizes=\"auto, (max-width: 400px) 100vw, 400px\" \/><\/figure><div class=\"wp-block-media-text__content\">\n<blockquote class=\"wp-block-quote is-layout-flow wp-block-quote-is-layout-flow\"><p><span class=\"has-inline-color has-vivid-green-cyan-color\">\u00ab J\u2019aborde cette p\u00e9riode avec un certain <strong>optimisme<\/strong> car <strong>je suis convaincu que de nouvelles opportunit\u00e9s vont \u00e9merger gr\u00e2ce aux fonds de reconstruction, d\u2019une part, et \u00e0 la technologie, d\u2019autre part.<\/strong> Je suis tr\u00e8s confiant car je crois en un rebond \u00e9conomique mais je suis surtout tr\u00e8s <strong>optimiste en ce qui concerne les changements de paradigme et de mentalit\u00e9. C&rsquo;est l\u2019occasion pour les entrepreneurs de d\u00e9marrer de nouveaux projets. Parfois, les gens ont du mal \u00e0 changer quand bien m\u00eame de meilleures offres leur sont propos\u00e9es.<\/strong> Mais la p\u00e9riode que nous vivons peut justement favoriser de nombreux changements. <strong>Il nous incombe d\u2019utiliser cette opportunit\u00e9 au mieux. <\/strong>\u00bb<\/span><\/p><cite><strong>DAVID TOMAS<\/strong><br>CO-Fondateur de <a href=\"https:\/\/www.cyberclick.es\/\">CYBERCLICK<\/a>, AUTeur de <em><a href=\"http:\/\/www.davidtomas.com\/tag\/diario-de-un-millennial\/\">DIARIO DE UN MILLENNIA<\/a>L<\/em> et DE<em> <a href=\"https:\/\/www.laempresamasfelizdelmundo.es\/\">LA EMPRESA M\u00c1S FELIZ DEL MUNDO<\/a><\/em>, BUSINESS ANGEL<\/cite><\/blockquote>\n<\/div><\/div>\n\n\n\n<p class=\"wp-block-paragraph\"><strong>Andr\u00e9, pourrais-tu nous donner quelques exemples de pr\u00e9jug\u00e9s que tu as abandonn\u00e9s ?<\/strong><\/p>\n\n\n\n<p class=\"wp-block-paragraph\">Les trois pr\u00e9jug\u00e9s les plus n\u00e9fastes que j&rsquo;ai r\u00e9ussi \u00e0 exorciser sont les suivants :<\/p>\n\n\n\n<ul class=\"wp-block-list\"><li><strong>occuper une position sociale \u00e0 un certain \u00e2ge ;<\/strong><\/li><li><strong>avoir une vie similaire \u00e0 celle de mes amis ;<\/strong><\/li><li><strong>croire que la stabilit\u00e9 se trouve ailleurs.<\/strong><\/li><\/ul>\n\n\n\n<p class=\"wp-block-paragraph\"><strong>Ces trois pr\u00e9jug\u00e9s ne provoquent que douleur et souffrance.<\/strong> Il s\u2019agit de r\u00e9aliser et de comprendre que ce sont de fausses croyances qui ne refl\u00e8tent en rien la r\u00e9alit\u00e9. <strong>C\u2019est une \u00e9tape essentielle pour passer de la survie au retour vers soi.<\/strong> <strong>Se lib\u00e9rer de ces pr\u00e9jug\u00e9s vous permet d&rsquo;acqu\u00e9rir la capacit\u00e9 \u00e0 prendre du recul, puis d&rsquo;apprendre de vos erreurs et de mettre en application les le\u00e7ons apprises.<\/strong><\/p>\n\n\n\n<p class=\"wp-block-paragraph\"><strong>Les petites et moyennes entreprises ainsi que les commerces sont les entreprises les plus touch\u00e9es par la crise. Ces entreprises \u00abanalogiques\u00bb, contrairement aux entreprises technologiques, se rel\u00e8veront-elles ?<\/strong><\/p>\n\n\n\n<p class=\"wp-block-paragraph\"><strong>Les entreprises \u00abanalogiques\u00bb sont vou\u00e9es \u00e0 dispara\u00eetre.<\/strong> Nous nous dirigeons inexorablement vers un monde o\u00f9 tout doit \u00eatre mesur\u00e9, y compris l&rsquo;impact environnemental, et la digitalisation est indispensable pour y parvenir.<\/p>\n\n\n\n<div class=\"wp-block-media-text alignwide is-stacked-on-mobile\" style=\"grid-template-columns:15% auto\"><figure class=\"wp-block-media-text__media\"><img loading=\"lazy\" decoding=\"async\" width=\"681\" height=\"886\" src=\"http:\/\/www.audreydamas.com\/wp-content\/uploads\/2021\/02\/Elisabet-Bach_3-5.jpg\" alt=\"\" class=\"wp-image-1213 size-full\" srcset=\"https:\/\/www.audreydamas.com\/wp-content\/uploads\/2021\/02\/Elisabet-Bach_3-5.jpg 681w, https:\/\/www.audreydamas.com\/wp-content\/uploads\/2021\/02\/Elisabet-Bach_3-5-231x300.jpg 231w\" sizes=\"auto, (max-width: 681px) 100vw, 681px\" \/><\/figure><div class=\"wp-block-media-text__content\">\n<blockquote class=\"wp-block-quote is-layout-flow wp-block-quote-is-layout-flow\"><p><span class=\"has-inline-color has-vivid-red-color\">\u00ab Je ne suis pas totalement d\u2019accord avec cette affirmation. <strong>ll ne s&rsquo;agit pas seulement de technologie ou de vente en ligne mais de poss\u00e9der une masse critique, c&rsquo;est-\u00e0-dire un march\u00e9 local suffisant. <\/strong>Par exemple, si vous avez un commerce dans une toute petite commune, il est vrai que le confinement municipal fait que les habitants ach\u00e8tent chez vous (en ligne ou dans votre commerce) mais cela ne signifie pas pour autant que vous ayez assez d\u2019acheteurs pour aller de l\u2019avant. En revanche, dans les communes un peu plus grandes, cela a pu jouer en leur faveur. <strong>Le confinement municipal a aid\u00e9 le commerce de d\u00e9tail dans les municipalit\u00e9s ayant une population suffisante car celle-ci a achet\u00e9 dans sa municipalit\u00e9. Mais, dans les villes de moindre importance, le m\u00eame confinement a nui au commerce local car il n\u2019y pas assez de masse critique pour g\u00e9n\u00e9rer suffisamment de ventes, m\u00eame si celles-ci se font dans les commerces de la municipalit\u00e9.<\/strong> Les autres PME ont pu conna\u00eetre des effets similaires en fonction de leur activit\u00e9 et de leur march\u00e9 bien que certains secteurs aient b\u00e9n\u00e9fici\u00e9 de la situation actuelle.<\/span><\/p><p><span class=\"has-inline-color has-vivid-red-color\">Je pense que les entreprises analogiques doivent \u00eatre tr\u00e8s conscientes du march\u00e9, des besoins de leurs clients et de l&rsquo;apparition de nouvelles opportunit\u00e9s issues de ces circonstances.<\/span><\/p><p><span class=\"has-inline-color has-vivid-red-color\">Par ailleurs, en ce qui concerne l\u2019aspect technologique, <strong>je pense qu&rsquo;il doit \u00eatre pleinement int\u00e9gr\u00e9 dans l&rsquo;entreprise, depuis la visibilit\u00e9 sur le march\u00e9 &#8211; de nos jours la pr\u00e9sence doit \u00eatre offline et online -, la possibilit\u00e9 d&rsquo;acheter en ligne, la prestation de services, et aussi dans l&rsquo;am\u00e9lioration des processus internes afin d&rsquo;augmenter leur productivit\u00e9. Cela peut \u00eatre une question de survie, mais la proposition de valeur doit passer avant la technologie<\/strong>. C\u2019est-\u00e0-dire que l&rsquo;entreprise doit r\u00e9pondre \u00e0 la question suivante : comment pouvons-nous aider le march\u00e9? Et la technologie doit servir ce but. \u00bb<\/span><\/p><cite><strong>ELISABET BACH<\/strong><br>\u00c9CONOMISTE ET <a href=\"https:\/\/www.elisabetbach.com\/es\/\">CONSULTANTE <\/a>POUR LA CR\u00c9ATION ET LA CONSOLIDATION D&rsquo;ENTREPRISES.<\/cite><\/blockquote>\n<\/div><\/div>\n\n\n\n<p class=\"wp-block-paragraph\"><strong>Dans le livre \u00ab COVID-19: The Great Reset) \u00bb, Klaus Schwab et Thierry Malleret proph\u00e9tisent la disparition de 75% des restaurants et de commerces ind\u00e9pendants en France. Le virus sert-il de pr\u00e9texte pour cacher la volont\u00e9 d&rsquo;\u00e9radiquer les petites et moyennes entreprises, libres et ind\u00e9pendantes, en faveur des grandes multinationales li\u00e9es aux \u00c9tats ? <\/strong><\/p>\n\n\n\n<p class=\"wp-block-paragraph\">Il est vrai que <strong>les petites entreprises auront tendance \u00e0 dispara\u00eetre et les moyennes \u00e0 \u00eatre acquises<\/strong>, sauf en ce qui concerne certains secteurs d\u2019activit\u00e9s tr\u00e8s sp\u00e9cifiques. La r\u00e9alit\u00e9 du capital est in\u00e9luctable. <strong>La crise \u00e9conomique touche toutes les tr\u00e9soreries incapables de r\u00e9sister \u00e0 des baisses brutales de chiffres d&rsquo;affaires et \u00e0 l\u2019accumulation de pertes. <\/strong>Par d\u00e9finition, <strong>les grandes entreprises b\u00e9n\u00e9ficient d&rsquo;\u00e9conomies d&rsquo;\u00e9chelle<\/strong> qui leur permettent de s&rsquo;adapter aux circonstances, m\u00eame si c&rsquo;est en licenciant du personnel.<\/p>\n\n\n\n<div class=\"wp-block-media-text alignwide has-media-on-the-right is-stacked-on-mobile\" style=\"grid-template-columns:auto 15%\"><figure class=\"wp-block-media-text__media\"><img loading=\"lazy\" decoding=\"async\" width=\"193\" height=\"245\" src=\"http:\/\/www.audreydamas.com\/wp-content\/uploads\/2021\/02\/Pasqual.png\" alt=\"\" class=\"wp-image-1087 size-full\"\/><\/figure><div class=\"wp-block-media-text__content\">\n<blockquote class=\"wp-block-quote is-layout-flow wp-block-quote-is-layout-flow\"><p><span class=\"has-inline-color has-luminous-vivid-amber-color\">\u00ab <strong>La situation actuelle a acc\u00e9l\u00e9r\u00e9<\/strong> ce qui se passe depuis une dizaine d&rsquo;ann\u00e9es, \u00e0 savoir <strong>l&rsquo;atomisation des acteurs du march\u00e9, la globalisation et l&rsquo;apparition des firmes multinationales en grand nombre, la r\u00e9duction des co\u00fbts et des effectifs, une meilleure strat\u00e9gie de positionnement sur le march\u00e9 des grandes entreprises<\/strong>\u2026 Je pense que <strong>le danger <\/strong>r\u00e9side dans <strong>la terrible influence que peuvent avoir certains de ces grands groupes<\/strong> car leurs b\u00e9n\u00e9fices d\u00e9passent le PIB de nombreux pays.<strong> Il<\/strong><\/span><strong><span class=\"has-inline-color has-luminous-vivid-amber-color\"> s\u2019agit donc d\u2019une soci\u00e9t\u00e9 dans laquelle les entreprises sont au-dessus des \u00c9tats et menacent leur souverainet\u00e9.<\/span> <span class=\"has-inline-color has-luminous-vivid-amber-color\">\u00bb<\/span><\/strong><\/p><cite><strong>PASQUAL ALMUDEVE<\/strong><br>ENTREPRENEUR, <a href=\"https:\/\/www.memoryteca.com\/\">CO-FONDATEUR DE MEMORYTECA<\/a>, AVOCAT ET CONSULTANT.<\/cite><\/blockquote>\n<\/div><\/div>\n\n\n\n<div class=\"wp-block-media-text alignwide is-stacked-on-mobile\" style=\"grid-template-columns:17% auto\"><figure class=\"wp-block-media-text__media\"><img loading=\"lazy\" decoding=\"async\" width=\"512\" height=\"512\" src=\"http:\/\/www.audreydamas.com\/wp-content\/uploads\/2021\/02\/Alfons-10.jpg\" alt=\"\" class=\"wp-image-1180 size-full\" srcset=\"https:\/\/www.audreydamas.com\/wp-content\/uploads\/2021\/02\/Alfons-10.jpg 512w, https:\/\/www.audreydamas.com\/wp-content\/uploads\/2021\/02\/Alfons-10-300x300.jpg 300w, https:\/\/www.audreydamas.com\/wp-content\/uploads\/2021\/02\/Alfons-10-150x150.jpg 150w, https:\/\/www.audreydamas.com\/wp-content\/uploads\/2021\/02\/Alfons-10-270x270.jpg 270w, https:\/\/www.audreydamas.com\/wp-content\/uploads\/2021\/02\/Alfons-10-230x230.jpg 230w\" sizes=\"auto, (max-width: 512px) 100vw, 512px\" \/><\/figure><div class=\"wp-block-media-text__content\">\n<blockquote class=\"wp-block-quote is-layout-flow wp-block-quote-is-layout-flow\"><p><span class=\"has-inline-color has-luminous-vivid-orange-color\">\u00ab Je ne pense pas qu&rsquo;il y ait n\u00e9cessairement une volont\u00e9 d&rsquo;\u00e9radication. <strong>Au contraire, l&rsquo;approche actuelle de \u00ab  super-efficience\u00bb, qui utilise la technologie pour \u00eatre extr\u00eamement efficace, n\u00e9cessite des investissements (en ressources et talents) auxquels toutes les entreprises ne peuvent pas r\u00e9pondre. <\/strong>Dans chaque industrie, il y a quelques entreprises gagnantes <em>\u00ab<\/em>super-efficientes \u00bb<em>  <\/em> et une kyrielle d&rsquo;entreprises qui sont oblig\u00e9es de tout abandonner. En anglais, c&rsquo;est l&rsquo;expression <em>\u00ab<\/em> rich get richer <strong>\u00bb<\/strong>.<\/span><\/p><p><span class=\"has-inline-color has-luminous-vivid-orange-color\">C\u2019est <strong>le choix du court terme qui d\u00e9termine le fait que seuls les <em>\u00ab<\/em> super-efficients \u00bb survivent.<\/strong> <strong>L&rsquo;efficience est toujours une approche \u00e0 court terme, tandis que la r\u00e9silience l\u2019est \u00e0 long terme.<\/strong> De nombreuses petites entreprises pourraient \u00eatre mieux positionn\u00e9es pour durer sur le long terme (en raison de leur plus grande capacit\u00e9 d&rsquo;adaptation et de leur notion de sacrifice), <strong>mais l&rsquo;accent mis sur les r\u00e9sultats rapides, et \u00e0 court terme, les d\u00e9truit<\/strong>.<\/span><\/p><p><span class=\"has-inline-color has-luminous-vivid-orange-color\">Il se peut \u00e9galement qu\u2019il y ait un <strong>programme cach\u00e9, un lien entre grandes entreprises et politique de l&rsquo;\u00c9tat,<\/strong> <strong>qui finit par r\u00e9compenser une \u00e9lite tr\u00e8s minoritaire.<\/strong> Tout indique qu&rsquo;il en est ainsi, m\u00eame si ce n\u2019est pas en mon pouvoir d\u2019en apporter les preuves.<\/span><\/p><p><span class=\"has-inline-color has-luminous-vivid-orange-color\">Je ne sais qu\u2019une chose : <strong>les id\u00e9es qui transforment le monde proviennent, non pas dans des grandes entreprises, mais des talents entrepreneuriaux. <\/strong>L&rsquo;inertie des grands groupes leur permet de continuer leur croissance, mais ces talents entrepreneuriaux ont de plus en plus de mal \u00e0 survivre, seuls, sans ces grandes entreprises.<\/span> <span class=\"has-inline-color has-luminous-vivid-orange-color\">\u00bb<\/span><\/p><cite><strong>ALFONS CORNELLA<\/strong><br>FONDATEUR <a href=\"https:\/\/www.instituteofnext.com\/\">INSTITUT OF NEXT BY INFONOMIA<\/a>, AUTEUR DE PLUS DE 30 LIBRES SUR L&rsquo;INNOVATION ET LA TECHNOLOGIE POUR LES ENTREPRISES.<\/cite><\/blockquote>\n<\/div><\/div>\n\n\n\n<p class=\"wp-block-paragraph\"><strong>Face \u00e0 la destruction des PME, essentielles au tissu entrepreneurial, existe-t-il d&rsquo;autres propositions de solutions que la digitalisation des PME?<\/strong><\/p>\n\n\n\n<p class=\"wp-block-paragraph\">Non, nous sommes en 2021. Toute entreprise qui n&rsquo;acc\u00e9l\u00e8re pas sa transition num\u00e9rique cessera d&rsquo;exister d&rsquo;ici 2025.<\/p>\n\n\n\n<div class=\"wp-block-media-text alignwide has-media-on-the-right is-stacked-on-mobile\" style=\"grid-template-columns:auto 15%\"><figure class=\"wp-block-media-text__media\"><img loading=\"lazy\" decoding=\"async\" width=\"681\" height=\"886\" src=\"http:\/\/www.audreydamas.com\/wp-content\/uploads\/2021\/02\/Elisabet-Bach_3-5.jpg\" alt=\"\" class=\"wp-image-1213 size-full\" srcset=\"https:\/\/www.audreydamas.com\/wp-content\/uploads\/2021\/02\/Elisabet-Bach_3-5.jpg 681w, https:\/\/www.audreydamas.com\/wp-content\/uploads\/2021\/02\/Elisabet-Bach_3-5-231x300.jpg 231w\" sizes=\"auto, (max-width: 681px) 100vw, 681px\" \/><\/figure><div class=\"wp-block-media-text__content\">\n<blockquote class=\"wp-block-quote is-layout-flow wp-block-quote-is-layout-flow\"><p><strong>Comment accompagner les PME dans leur transformation digitale ?<\/strong><\/p><p><span class=\"has-inline-color has-vivid-red-color\">\u00ab <strong>Aujourd&rsquo;hui, on parle beaucoup de transformation digitale, mais peu de personnes savent comment d\u00e9velopper cette culture num\u00e9rique.<\/strong> De plus, \u00e9tant donn\u00e9 que la technologie ne cesse d\u2019\u00e9voluer, les entreprises doivent s\u2019y adapter constamment. Je pense qu&rsquo;il faut <strong>mettre en place une aide personnalis\u00e9e aux PME dans ce domaine, en partant d&rsquo;aspects pratiques. <\/strong>Par exemple, l&rsquo;utilisation d&rsquo;un certificat  de signature \u00e9lectronique n&rsquo;est pas une transformation num\u00e9rique, mais c&rsquo;est une premi\u00e8re \u00e9tape tr\u00e8s simple qui va dans ce sens. C\u2019est en franchissant ces \u00e9tapes, une par une, que nous pourrons atteindre une culture de l\u2019entreprise fond\u00e9e sur le num\u00e9rique.<\/span><\/p><p><span class=\"has-inline-color has-vivid-red-color\">Je pense qu\u2019il est \u00e9galement important de <strong>se baser sur des exemples concrets<\/strong> de transformation digitale pour que les entreprises se familiarisent avec ce concept et ces nouveaux outils.<\/span> <span class=\"has-inline-color has-vivid-red-color\">\u00bb<\/span><\/p><cite><strong>ELISABET BACH<\/strong><br>\u00c9CONOMISTE ET <a href=\"https:\/\/www.elisabetbach.com\/es\/\">CONSULTANTE <\/a>POUR LA CR\u00c9ATION ET LA CONSOLIDATION D&rsquo;ENTREPRISES.<\/cite><\/blockquote>\n<\/div><\/div>\n\n\n\n<p class=\"wp-block-paragraph\"><strong>Andr\u00e9, comment peut-on transformer l\u2019exp\u00e9rience douloureuse d\u2019une fermeture d\u2019entreprise et lui donner du sens ?<\/strong><\/p>\n\n\n\n<p class=\"wp-block-paragraph\"><strong>Lorsque l\u2019on \u00e9choue, l&rsquo;attitude la plus courante est d&rsquo;entrer dans un processus de victimisation et de bl\u00e2mer les autres en utilisant l&rsquo;argument \u00ab c&rsquo;est injuste \u00bb<\/strong>. Les \u00e9preuves proviennent s\u00fbrement d&rsquo;un ensemble de facteurs tels qu\u2019une mauvaise d\u00e9finition des objectifs initiaux, un manque d&rsquo;objectivit\u00e9 dans l&rsquo;\u00e9valuation de la situation ou encore une profonde incapacit\u00e9 \u00e0 accepter de l&rsquo;aide. Aller de l&rsquo;avant ne signifie pas n\u00e9cessairement maintenir votre entreprise \u00e0 flot en \u00e9vitant les avertissements.<\/p>\n\n\n\n<p class=\"wp-block-paragraph\"><strong>La fermeture d&rsquo;une entreprise est une exp\u00e9rience traumatisante.<\/strong> Cependant, elle doit \u00eatre vue <strong>comme un apprentissage pour que l&rsquo;exp\u00e9rience ait du sens et soit utile avant de reconsid\u00e9rer la possibilit\u00e9 d\u2019en cr\u00e9er une autre.<\/strong> Chaque personne vit des circonstances diff\u00e9rentes et doit peser le pour et le contre en se posant les bonnes questions : d\u2019o\u00f9 est-elle partie, o\u00f9 souhaite-t-elle se diriger ? L\u2019esprit de comparaison est inh\u00e9rent \u00e0 l\u2019\u00eatre humain mais il est essentiel de s\u2019efforcer d\u2019abandonner cette habitude n\u00e9faste car elle n\u2019apporte que souffrance. En revanche, <strong>il est indispensable d\u2019essayer de prendre du recul et de partager son exp\u00e9rience afin d\u2019en tirer les conclusions idoines permettant de donner du sens \u00e0 cette exp\u00e9rience traumatisante.<\/strong> On ne vit qu&rsquo;une seule fois. <strong>Il n&rsquo;y a aucune raison de ne pas essayer de gagner sa vie en faisant ce que l\u2019on aime.<\/strong><\/p>\n\n\n\n<div class=\"wp-block-media-text alignwide is-stacked-on-mobile\" style=\"grid-template-columns:17% auto\"><figure class=\"wp-block-media-text__media\"><img loading=\"lazy\" decoding=\"async\" width=\"1024\" height=\"1024\" src=\"http:\/\/www.audreydamas.com\/wp-content\/uploads\/2021\/02\/Feli-1-1024x1024.jpg\" alt=\"\" class=\"wp-image-1096 size-full\" srcset=\"https:\/\/www.audreydamas.com\/wp-content\/uploads\/2021\/02\/Feli-1-1024x1024.jpg 1024w, https:\/\/www.audreydamas.com\/wp-content\/uploads\/2021\/02\/Feli-1-300x300.jpg 300w, https:\/\/www.audreydamas.com\/wp-content\/uploads\/2021\/02\/Feli-1-150x150.jpg 150w, https:\/\/www.audreydamas.com\/wp-content\/uploads\/2021\/02\/Feli-1-768x768.jpg 768w, https:\/\/www.audreydamas.com\/wp-content\/uploads\/2021\/02\/Feli-1-270x270.jpg 270w, https:\/\/www.audreydamas.com\/wp-content\/uploads\/2021\/02\/Feli-1-230x230.jpg 230w, https:\/\/www.audreydamas.com\/wp-content\/uploads\/2021\/02\/Feli-1.jpg 1365w\" sizes=\"auto, (max-width: 1024px) 100vw, 1024px\" \/><\/figure><div class=\"wp-block-media-text__content\">\n<blockquote class=\"wp-block-quote is-layout-flow wp-block-quote-is-layout-flow\"><p><span class=\"has-inline-color has-vivid-purple-color\">\u00ab <strong>La vie n\u2019est pas lin\u00e9aire, elle est circulaire. Accueillons simplement les \u00e9v\u00e9nements<\/strong> qui se produisent et <strong>apprenons \u00e0 vivre les \u00e9motions qui en d\u00e9coulent car ils font partie de l\u2019exp\u00e9rience de vie et de l\u2019exp\u00e9rience m\u00eame de l\u2019entreprise. <\/strong>Cette soci\u00e9t\u00e9 a pris l\u2019habitude de <strong>\u00ab produire \u00bb des croyances prises pour acquises.<\/strong> Or, l<strong>a plupart d\u2019entre elles se basent sur un concept de succ\u00e8s purement mat\u00e9riel ou li\u00e9 \u00e0 la position sociale et cela ne correspond pas \u00e0 la r\u00e9alit\u00e9,<\/strong> il s\u2019agit juste d\u2019une croyance. <\/span><\/p><p><span class=\"has-inline-color has-vivid-purple-color\"><strong>La vie d\u2019une entreprise,<\/strong> tout comme celle de n\u2019importe quel \u00eatre vivant, <strong>passe par les phases de naissance, de croissance et de mort. La fin ou la mort d\u2019une entreprise n\u2019est pas la fin ou la mort des personnes, c\u2019est une transformation des voies d\u2019expression des personnes qui l\u2019ont cr\u00e9\u00e9e et d\u00e9velopp\u00e9e.<\/strong> Si une entreprise s\u2019est construite sur des valeurs de respect, de collaboration et d\u2019humanit\u00e9, <strong>alors ceux qui la dirigent et tous ceux qui l\u2019ont fa\u00e7onn\u00e9e continuent de \u00ab vibrer \u00bb ces valeurs et ces qualit\u00e9s qui pourront s\u2019exprimer dans le cadre de nouveaux projets.<\/strong><\/span><\/p><p><span class=\"has-inline-color has-vivid-purple-color\">Ou bien d\u00e9sirons-nous contr\u00f4ler la vie ? <strong>La fin d\u2019un projet ou d\u2019une entreprise permet d\u2019exp\u00e9rimenter le d\u00e9tachement, la transformation et la confiance. <\/strong>De quoi avons-nous besoin aujourd\u2019hui : <strong>du succ\u00e8s li\u00e9 \u00e0 l\u2019argent, \u00e0 l\u2019ego ou bien du succ\u00e8s li\u00e9 aux valeurs de collaboration et d\u2019humanit\u00e9 ?<\/strong><em> \u00bb<\/em><br><\/span><\/p><cite><strong>FELISA PALACIO<\/strong><br>entrepreneuse et <a href=\"https:\/\/www.taranna.com\/viajes\/\">DIRECTrice DEs REssources humaines et RSE TARANN\u00c0, VIAJES CON SENTIDO.<\/a><\/cite><\/blockquote>\n<\/div><\/div>\n\n\n\n<p class=\"wp-block-paragraph\"><strong>En septembre dernier de nombreux experts ont mis en garde contre une reprise des suicides. Andr\u00e9, tu as connu la ruine \u00e0 deux reprises et tu as travers\u00e9 des p\u00e9riodes de profond d\u00e9sespoir et de perte de confiance en toi et en la vie. Comment se reconnecter \u00e0 sa force int\u00e9rieure, \u00e0 la foi et \u00e0 la bienveillance de la vie ?<\/strong><\/p>\n\n\n\n<p class=\"wp-block-paragraph\">La liste de mauvaises choses que l\u2019univers peut nous envoyer est interminable. <strong>Mais il n\u2019existe aucune force du mal qui travaille contre nous. Il y a simplement la vie.<\/strong> <strong>Et la vie est \u00e9quilibre. <\/strong>Le bien et le mal. Les hauts et les bas. Ce qui est petit, ce qui est grand. Un bon jour et un mauvais jour.<\/p>\n\n\n\n<p class=\"wp-block-paragraph\"><strong>L\u2019effort conscient et volontaire de ne pas me comparer \u00e0 mes amis, de ne pas comparer ma vie aux histoires publi\u00e9es sur les r\u00e9seaux sociaux et d\u2019assumer le fait que je suis le seul responsable de ma stabilit\u00e9 m\u2019a aid\u00e9 \u00e0 cr\u00e9er une bulle de protection <\/strong>au sein de laquelle j\u2019ai pu me reconstruire. Parall\u00e8lement, <strong>j\u2019ai continu\u00e9 \u00e0 apprendre<\/strong>, <strong>\u00e0 me former<\/strong> <strong>afin de d\u00e9couvrir o\u00f9 je pouvais cr\u00e9er de la valeur mais apr\u00e8s avoir int\u00e9gr\u00e9, cette fois-ci, la conscience de ma propre valeur<\/strong>. Une fois cet aspect identifi\u00e9, <strong>j\u2019ai commenc\u00e9 \u00e0 visualiser et \u00e0 projeter l\u2019avenir que je souhaitais vivre sans oublier les petits d\u00e9tails quotidiens qui sont \u00e0 la disposition de tous <\/strong>: un bon caf\u00e9, une promenade, des instants partag\u00e9s avec les \u00eatres qui me sont chers \u2026<\/p>\n\n\n\n<div class=\"wp-block-media-text alignwide has-media-on-the-right is-stacked-on-mobile\" style=\"grid-template-columns:auto 19%\"><figure class=\"wp-block-media-text__media\"><img loading=\"lazy\" decoding=\"async\" width=\"1024\" height=\"1024\" src=\"http:\/\/www.audreydamas.com\/wp-content\/uploads\/2021\/02\/Feli-1-1024x1024.jpg\" alt=\"\" class=\"wp-image-1096 size-full\" srcset=\"https:\/\/www.audreydamas.com\/wp-content\/uploads\/2021\/02\/Feli-1-1024x1024.jpg 1024w, https:\/\/www.audreydamas.com\/wp-content\/uploads\/2021\/02\/Feli-1-300x300.jpg 300w, https:\/\/www.audreydamas.com\/wp-content\/uploads\/2021\/02\/Feli-1-150x150.jpg 150w, https:\/\/www.audreydamas.com\/wp-content\/uploads\/2021\/02\/Feli-1-768x768.jpg 768w, https:\/\/www.audreydamas.com\/wp-content\/uploads\/2021\/02\/Feli-1-270x270.jpg 270w, https:\/\/www.audreydamas.com\/wp-content\/uploads\/2021\/02\/Feli-1-230x230.jpg 230w, https:\/\/www.audreydamas.com\/wp-content\/uploads\/2021\/02\/Feli-1.jpg 1365w\" sizes=\"auto, (max-width: 1024px) 100vw, 1024px\" \/><\/figure><div class=\"wp-block-media-text__content\">\n<blockquote class=\"wp-block-quote is-layout-flow wp-block-quote-is-layout-flow\"><p><span class=\"has-inline-color has-vivid-purple-color\"><em>\u00ab<\/em> <strong>Nous pouvons nous (re)connecter \u00e0 notre force int\u00e9rieure, \u00e0 notre foi ou \u00e0 la bienveillance lorsque, dans le d\u00e9sespoir et la perte, nous ne perdons justement pas la foi, l\u2019espoir ou la vision de v\u00e9rit\u00e9 qu\u2019est la vie. <\/strong>Lorsque nous traversons des moments de douleur et de crise, <strong>il est essentiel de vivre les \u00e9motions que l\u2019on ressent sans s\u2019identifier \u00e0 elles, de les d\u00e9passer et de garder la foi<\/strong>. Apr\u00e8s la temp\u00eate s\u2019en vient le calme, cette expression nous am\u00e8ne \u00e0 <strong>vivre la r\u00e9alit\u00e9 actuelle avec transcendance et confiance car tout ce qui doit arriver arrive<\/strong>. C\u2019est ce <strong>processus qui nous m\u00e8ne \u00e0 ce qui est vrai, \u00e0 notre \u00caTRE v\u00e9ritable<\/strong>. <\/span><\/p><p><span class=\"has-inline-color has-vivid-purple-color\"><strong>Faire confiance \u00e0 la vie nous rend humbles et nous lib\u00e8re de l\u2019id\u00e9e que nous pouvons contr\u00f4ler le r\u00e9sultat de nos actions. <\/strong><em>\u00bb<\/em><\/span><\/p><cite><strong>FELISA PALACIO<\/strong><br>ENTREPRENEUSE ET <a href=\"https:\/\/www.taranna.com\/viajes\/\">DIRECTRICE DES RESSOURCES HUMAINES ET RSE TARANN\u00c0, VIAJES CON SENTIDO.<\/a><\/cite><\/blockquote>\n<\/div><\/div>\n\n\n\n<div class=\"wp-block-media-text alignwide is-stacked-on-mobile\" style=\"grid-template-columns:19% auto\"><figure class=\"wp-block-media-text__media\"><img loading=\"lazy\" decoding=\"async\" width=\"400\" height=\"400\" src=\"http:\/\/www.audreydamas.com\/wp-content\/uploads\/2021\/02\/zv7-wllZ_400x400.png\" alt=\"\" class=\"wp-image-1132 size-full\" srcset=\"https:\/\/www.audreydamas.com\/wp-content\/uploads\/2021\/02\/zv7-wllZ_400x400.png 400w, https:\/\/www.audreydamas.com\/wp-content\/uploads\/2021\/02\/zv7-wllZ_400x400-300x300.png 300w, https:\/\/www.audreydamas.com\/wp-content\/uploads\/2021\/02\/zv7-wllZ_400x400-150x150.png 150w, https:\/\/www.audreydamas.com\/wp-content\/uploads\/2021\/02\/zv7-wllZ_400x400-270x270.png 270w, https:\/\/www.audreydamas.com\/wp-content\/uploads\/2021\/02\/zv7-wllZ_400x400-230x230.png 230w\" sizes=\"auto, (max-width: 400px) 100vw, 400px\" \/><\/figure><div class=\"wp-block-media-text__content\">\n<blockquote class=\"wp-block-quote is-layout-flow wp-block-quote-is-layout-flow\"><p><span class=\"has-inline-color has-vivid-green-cyan-color\">\u00ab Tout est une <strong>question de perspective<\/strong>. Lorsque vous traversez une p\u00e9riode difficile, <strong>il est important de valoriser le fait d\u2019\u00eatre vivant,<\/strong> <strong>de pouvoir respirer, d\u2019avoir un toit ou encore de pouvoir manger car, au bout du compte, il ne nous manque presque rien d\u2019autre. <\/strong>\u00c0 partir de l\u00e0, il s\u2019agit de commencer \u00e0 voir ce que vous pouvez faire pour construire un projet de vie, pour continuer \u00e0 \u00e9voluer par rapport \u00e0 cet objectif et \u00e0 ce que vous souhaitez obtenir. <\/span><\/p><p><span class=\"has-inline-color has-vivid-green-cyan-color\"><strong>La premi\u00e8re \u00e9tape consiste \u00e0 appr\u00e9cier ce que vous avez d\u00e9j\u00e0, et la seconde d&rsquo;avoir les id\u00e9es claires quant \u00e0 votre objectif de vie. <\/strong>Comme le soulignent Tony Schwartz et Jim Loehr, \u00ab\u00a0<strong>Vivez la vie comme un sprint, pas comme un marathon<\/strong>.\u00a0\u00bb En faisant preuve de patience et d\u2019efforts, vous pouvez tout r\u00e9ussi. \u00bb<\/span><\/p><cite><strong>DAVID TOMAS<\/strong><br>CO-FONDATEUR DE <a href=\"https:\/\/www.cyberclick.es\/\">CYBERCLICK<\/a>, AUTEUR DE <em><a href=\"http:\/\/www.davidtomas.com\/tag\/diario-de-un-millennial\/\">DIARIO DE UN MILLENNIA<\/a>L<\/em> ET DE <a href=\"https:\/\/www.laempresamasfelizdelmundo.es\/\"><em>LA EMPRESA M\u00c1S FELIZ DEL MUNDO<\/em><\/a>, BUSINESS ANGEL<\/cite><\/blockquote>\n<\/div><\/div>\n\n\n\n<p class=\"wp-block-paragraph\"><strong>L\u2019ann\u00e9e derni\u00e8re, le FMI a point\u00e9 la vuln\u00e9rabilit\u00e9 \u00e9conomique de l&rsquo;Espagne. Par rapport aux autres pays europ\u00e9ens, il y a tr\u00e8s peu d&rsquo;aides \u00e9conomiques, \u00e9tatiques et r\u00e9gionales en Espagne. Face \u00e0 ce manque de soutien, comment est-il possible de promouvoir de nouveau la culture de l&rsquo;entrepreneuriat et de se r\u00e9inventer en tant qu&rsquo;entrepreneur ?<\/strong><\/p>\n\n\n\n<p class=\"wp-block-paragraph\">Cela implique le fait d\u2019aborder l&rsquo;entrepreneuriat \u00e0 partir des <strong>principaux moteurs <\/strong>de l&rsquo;\u00e9conomie de cette nouvelle \u00e8re: <strong>durabilit\u00e9, crypto-monnaies, Intelligence artificielle, logistique du dernier kilom\u00e8tre, logistique invers\u00e9e, vente en ligne, \u00e9nergie propre, a\u00e9rospatiale, d\u00e9veloppement humain, psychologie, artisanat, agriculture durable, services professionnels, programmation et \u00e9ducation.<\/strong><\/p>\n\n\n\n<p class=\"wp-block-paragraph\">Ce qui change, ce n\u2019est pas la fin des opportunit\u00e9s, mais <strong>le d\u00e9but d\u2019une \u00e8re sans pr\u00e9c\u00e9dent de changements et de nouvelles opportunit\u00e9s. <\/strong>Si vous n&rsquo;avez pas d&rsquo;argent pour manger et nourrir votre famille, vous devez r\u00e9fl\u00e9chir \u00e0 votre avenir afin d&rsquo;int\u00e9grer dans votre routine quotidienne ces petits pas qui vous permettront d&rsquo;aborder le m\u00e9tier ou la r\u00e9alit\u00e9 que vous voulez vivre pour sortir du mode survie.<\/p>\n\n\n\n<div class=\"wp-block-media-text alignwide has-media-on-the-right is-stacked-on-mobile\" style=\"grid-template-columns:auto 19%\"><figure class=\"wp-block-media-text__media\"><img loading=\"lazy\" decoding=\"async\" width=\"512\" height=\"512\" src=\"http:\/\/www.audreydamas.com\/wp-content\/uploads\/2021\/02\/Alfons-10.jpg\" alt=\"\" class=\"wp-image-1180 size-full\" srcset=\"https:\/\/www.audreydamas.com\/wp-content\/uploads\/2021\/02\/Alfons-10.jpg 512w, https:\/\/www.audreydamas.com\/wp-content\/uploads\/2021\/02\/Alfons-10-300x300.jpg 300w, https:\/\/www.audreydamas.com\/wp-content\/uploads\/2021\/02\/Alfons-10-150x150.jpg 150w, https:\/\/www.audreydamas.com\/wp-content\/uploads\/2021\/02\/Alfons-10-270x270.jpg 270w, https:\/\/www.audreydamas.com\/wp-content\/uploads\/2021\/02\/Alfons-10-230x230.jpg 230w\" sizes=\"auto, (max-width: 512px) 100vw, 512px\" \/><\/figure><div class=\"wp-block-media-text__content\">\n<blockquote class=\"wp-block-quote is-layout-flow wp-block-quote-is-layout-flow\"><p><span class=\"has-inline-color has-luminous-vivid-orange-color\"><em>\u00ab<\/em> Le plus inqui\u00e9tant, c\u2019est qu\u2019en g\u00e9n\u00e9ral, <strong>il existe un foss\u00e9 entre les administrations publiques et le d\u00e9fi de l&rsquo;entrepreneuriat.<\/strong> <strong>Si tu n\u2019as jamais cr\u00e9\u00e9 d\u2019entreprise, et que tu m\u00e9connais les difficult\u00e9s que cela comporte, il est absurde de penser que tu seras en mesure de l\u00e9gif\u00e9rer ou d\u2019appliquer une l\u00e9gislation \u00e0 cet \u00e9gard. <\/strong>Je crois sinc\u00e8rement qu&rsquo;il y a <strong>un certain infantilisme de la part des administrations vis-\u00e0-vis des entreprises et des entrepreneurs<\/strong>. On fait syst\u00e9matiquement l\u2019association suivante : entreprise = machine \u00e0 sous et entrepreneur.<\/span><\/p><p><span class=\"has-inline-color has-luminous-vivid-orange-color\">Le fait que tr\u00e8s peu de parlementaires aient une exp\u00e9rience du monde de l\u2019entreprise d\u00e9termine compl\u00e8tement les actions publiques concernant la cr\u00e9ation de valeur par l&rsquo;initiative priv\u00e9e.<\/span><\/p><p><span class=\"has-inline-color has-luminous-vivid-orange-color\">Ceci dit, <strong>pour promouvoir la cr\u00e9ation de valeur et, par cons\u00e9quent, l&rsquo;augmentation de l&#8217;emploi, de grands projets de transformation devraient \u00eatre lanc\u00e9s, financ\u00e9s par des fonds publics afin de stimuler l&rsquo;\u00e9mergence de nouvelles entreprises dot\u00e9es de technologies innovantes. <\/strong>Par exemple, le lancement d&rsquo;un macro-projet d&rsquo;\u00e9nergie verte dans les villes permettrait de mobiliser de nombreuses ressources et d\u2019injecter des fonds dans les entreprises.<\/span><\/p><p><span class=\"has-inline-color has-luminous-vivid-orange-color\">Par cons\u00e9quent, je pense que la solution ne r\u00e9side pas dans les aides mais dans les projets de transformation. I<strong>l faut des \u00ab drivers \u00bb qui aient un double impact: rendre la soci\u00e9t\u00e9 plus efficace, \u00e9galitaire et durable, et le faire \u00e0 travers des entreprises priv\u00e9es innovantes. <em>\u00bb<\/em><\/strong><\/span><\/p><cite><strong>ALFONS CORNELLA<\/strong><br>FONDATEUR <a href=\"https:\/\/www.instituteofnext.com\/\">INSTITUT OF NEXT BY INFONOMIA<\/a>, AUTEUR DE PLUS DE 30 LIBRES SUR L&rsquo;INNOVATION ET LA TECHNOLOGIE POUR LES ENTREPRISES.<\/cite><\/blockquote>\n<\/div><\/div>\n\n\n\n<div class=\"wp-block-media-text alignwide is-stacked-on-mobile\" style=\"grid-template-columns:16% auto\"><figure class=\"wp-block-media-text__media\"><img loading=\"lazy\" decoding=\"async\" width=\"193\" height=\"245\" src=\"http:\/\/www.audreydamas.com\/wp-content\/uploads\/2021\/02\/Pasqual-1.png\" alt=\"\" class=\"wp-image-1089 size-full\"\/><\/figure><div class=\"wp-block-media-text__content\">\n<blockquote class=\"wp-block-quote is-layout-flow wp-block-quote-is-layout-flow\"><p><span class=\"has-inline-color has-luminous-vivid-amber-color\">\u00ab Je crois qu&rsquo;au-del\u00e0 du renforcement des aides d\u2019urgence, <strong>il n&rsquo;y aura pas d&rsquo;avenir en Espagne si le gouvernement essaie d\u2019\u00e9teindre l\u2019incendie en augmentant les taxes sur les activit\u00e9s \u00e9conomiques. <\/strong>Il serait plus logique de proposer une s\u00e9rie de mesures pour assouplir les imp\u00f4ts des entreprises et des entrepreneurs. <strong>Plus la charge fiscale est faible, plus il y a de cr\u00e9ation de richesse et d&#8217;emplois. Cela permettrait de garantir la protection juridique des entrepreneurs afin qu\u2019ils puissent entreprendre dans des conditions plus favorables.<\/strong> Sans celles-ci, la r\u00e9invention professionnelle ne sera pas impossible mais elle risque d\u2019\u00eatre tr\u00e8s compliqu\u00e9e. <em>\u00bb<\/em><\/span><\/p><cite><strong>PASQUAL ALMUDEVE<\/strong><br>ENTREPRENEUR, <a href=\"https:\/\/www.memoryteca.com\/\">CO-FONDATEUR DE MEMORYTECA<\/a>, AVOCAT ET CONSULTANT.<\/cite><\/blockquote>\n<\/div><\/div>\n\n\n\n<div class=\"wp-block-media-text alignwide has-media-on-the-right is-stacked-on-mobile\" style=\"grid-template-columns:auto 16%\"><figure class=\"wp-block-media-text__media\"><img loading=\"lazy\" decoding=\"async\" width=\"681\" height=\"886\" src=\"http:\/\/www.audreydamas.com\/wp-content\/uploads\/2021\/02\/Elisabet-Bach_3-5.jpg\" alt=\"\" class=\"wp-image-1213 size-full\" srcset=\"https:\/\/www.audreydamas.com\/wp-content\/uploads\/2021\/02\/Elisabet-Bach_3-5.jpg 681w, https:\/\/www.audreydamas.com\/wp-content\/uploads\/2021\/02\/Elisabet-Bach_3-5-231x300.jpg 231w\" sizes=\"auto, (max-width: 681px) 100vw, 681px\" \/><\/figure><div class=\"wp-block-media-text__content\">\n<blockquote class=\"wp-block-quote is-layout-flow wp-block-quote-is-layout-flow\"><p><span class=\"has-inline-color has-vivid-red-color\"><em>\u00ab<\/em> <strong>Le manque d&rsquo;aide conduit chaque personne \u00e0 se d\u00e9brouiller par elle-m\u00eame. <\/strong>Si la situation affecte l&rsquo;entreprise de mani\u00e8re positive ou si elle est en mesure de trouver des opportunit\u00e9s, elle avancera sans avoir besoin d&rsquo;aides suppl\u00e9mentaires.<\/span> <span class=\"has-inline-color has-vivid-red-color\">Mais il y a <strong>de nombreuses entreprises qui ne font pas partie de cette cat\u00e9gorie et qui supportent les co\u00fbts en s\u2019endettant ou en \u00e9puisant toutes les ressources dont elles disposent. <\/strong><\/span><\/p><p><span class=\"has-inline-color has-vivid-red-color\">Au fil des mois, certaines entreprises ont ferm\u00e9 leurs portes et leurs dirigeants ont soit fait table rase soit pay\u00e9 les dettes de l\u2019entreprise car ils s\u2019\u00e9taient port\u00e9s caution de cette derni\u00e8re.<\/span> <span class=\"has-inline-color has-vivid-red-color\"><strong>Le remboursement  des dettes, dans les ann\u00e9es \u00e0 venir, va ainsi limiter la capacit\u00e9 \u00e0 cr\u00e9er de nouvelles entreprises et \u00e0 investir dans celles qui sont en activit\u00e9. <\/strong>En effet, les ressources financi\u00e8res serviront essentiellement \u00e0 rembourser la dette engendr\u00e9e par la pand\u00e9mie.<strong> Les subventions sont indispensables pour r\u00e9duire cet impact au cours de la prochaine d\u00e9cennie.<\/strong><\/span><\/p><p><span class=\"has-inline-color has-vivid-red-color\"><strong>D&rsquo;autres pays ont octroy\u00e9 des aides qui fonctionnent comme une assurance couvrant les frais fixes le temps que l&rsquo;entreprise se remette d\u2019un sinistre et puisse refacturer. L\u2019impact est beaucoup plus rapide sur la r\u00e9cup\u00e9ration. Mais ce type d&rsquo;aides n&rsquo;a pas \u00e9t\u00e9 appliqu\u00e9 en Espagne. <em>\u00bb<\/em><\/strong><\/span><\/p><p><span class=\"has-inline-color has-vivid-red-color\">D\u00e9velopper la culture de l&rsquo;entrepreneuriat a des r\u00e9sultats \u00e0 moyen et \u00e0 long terme, ce qui retarde encore la p\u00e9riode de reprise. <em>\u00bb<\/em><\/span><\/p><cite><strong>ELISABET BACH<\/strong><br>\u00c9CONOMISTE ET <a href=\"https:\/\/www.elisabetbach.com\/es\/\">CONSULTANTE <\/a>POUR LA CR\u00c9ATION ET LA CONSOLIDATION D&rsquo;ENTREPRISES.<\/cite><\/blockquote>\n<\/div><\/div>\n\n\n\n<div class=\"wp-block-media-text alignwide is-stacked-on-mobile\" style=\"grid-template-columns:20% auto\"><figure class=\"wp-block-media-text__media\"><img loading=\"lazy\" decoding=\"async\" width=\"400\" height=\"400\" src=\"http:\/\/www.audreydamas.com\/wp-content\/uploads\/2021\/02\/zv7-wllZ_400x400.png\" alt=\"\" class=\"wp-image-1132 size-full\" srcset=\"https:\/\/www.audreydamas.com\/wp-content\/uploads\/2021\/02\/zv7-wllZ_400x400.png 400w, https:\/\/www.audreydamas.com\/wp-content\/uploads\/2021\/02\/zv7-wllZ_400x400-300x300.png 300w, https:\/\/www.audreydamas.com\/wp-content\/uploads\/2021\/02\/zv7-wllZ_400x400-150x150.png 150w, https:\/\/www.audreydamas.com\/wp-content\/uploads\/2021\/02\/zv7-wllZ_400x400-270x270.png 270w, https:\/\/www.audreydamas.com\/wp-content\/uploads\/2021\/02\/zv7-wllZ_400x400-230x230.png 230w\" sizes=\"auto, (max-width: 400px) 100vw, 400px\" \/><\/figure><div class=\"wp-block-media-text__content\">\n<blockquote class=\"wp-block-quote is-layout-flow wp-block-quote-is-layout-flow\"><p><span class=\"has-inline-color has-vivid-green-cyan-color\">\u00ab <strong>Les p\u00e9riodes de crises sont \u00e9galement des p\u00e9riodes o\u00f9 les gens se lancent le plus dans l\u2019entrepreneuriat. <\/strong>Lorsqu\u2019on vit une crise \u00e9conomique ou une chute du PIB, nombreux sont ceux qui perdent leur emploi et traversent des moments difficiles. <strong>Mais ces circonstances peuvent favoriser la prise de risque et lib\u00e9rer des \u00e9lans de cr\u00e9ativit\u00e9. <\/strong>\u00bb<\/span><\/p><cite><strong>DAVID TOMAS<\/strong><br>CO-FONDATEUR DE <a href=\"https:\/\/www.cyberclick.es\/\">CYBERCLICK<\/a>, AUTEUR DE <em><a href=\"http:\/\/www.davidtomas.com\/tag\/diario-de-un-millennial\/\">DIARIO DE UN MILLENNIA<\/a>L<\/em> ET DE <a href=\"https:\/\/www.laempresamasfelizdelmundo.es\/\"><em>LA EMPRESA M\u00c1S FELIZ DEL MUNDO<\/em><\/a>, BUSINESS ANGEL<\/cite><\/blockquote>\n<\/div><\/div>\n\n\n\n<p class=\"wp-block-paragraph\"><strong>Cette crise marque-t-elle la fin du capitalisme n\u00e9olib\u00e9ral ?<\/strong><\/p>\n\n\n\n<p class=\"wp-block-paragraph\">Non. Cette crise marque le d\u00e9but de la domination absolue du capitalisme n\u00e9olib\u00e9ral. Il incombera aux gouvernements de l&rsquo;adoucir et de l&rsquo;humaniser.<\/p>\n\n\n\n<div class=\"wp-block-media-text alignwide has-media-on-the-right is-stacked-on-mobile\" style=\"grid-template-columns:auto 19%\"><figure class=\"wp-block-media-text__media\"><img loading=\"lazy\" decoding=\"async\" width=\"400\" height=\"400\" src=\"http:\/\/www.audreydamas.com\/wp-content\/uploads\/2021\/02\/Xavier.png\" alt=\"\" class=\"wp-image-1094 size-full\" srcset=\"https:\/\/www.audreydamas.com\/wp-content\/uploads\/2021\/02\/Xavier.png 400w, https:\/\/www.audreydamas.com\/wp-content\/uploads\/2021\/02\/Xavier-300x300.png 300w, https:\/\/www.audreydamas.com\/wp-content\/uploads\/2021\/02\/Xavier-150x150.png 150w, https:\/\/www.audreydamas.com\/wp-content\/uploads\/2021\/02\/Xavier-270x270.png 270w, https:\/\/www.audreydamas.com\/wp-content\/uploads\/2021\/02\/Xavier-230x230.png 230w\" sizes=\"auto, (max-width: 400px) 100vw, 400px\" \/><\/figure><div class=\"wp-block-media-text__content\">\n<blockquote class=\"wp-block-quote is-layout-flow wp-block-quote-is-layout-flow\"><p><span class=\"has-inline-color has-vivid-cyan-blue-color\">\u00ab Esp\u00e9rons-le ! <strong>Si la soci\u00e9t\u00e9 ne se \u00ab r\u00e9veille \u00bb pas face \u00e0 l\u2019urgence climatique et suite au choc du Covid, peut-\u00eatre est-ce parce que nous ne m\u00e9ritons pas de continuer \u00e0 vivre sur cette plan\u00e8te !<\/strong><\/span><\/p><p><span class=\"has-inline-color has-vivid-cyan-blue-color\">Nous avons besoin d&rsquo;<strong>un nouveau capitalisme \u00e0 triple impact,<\/strong> o\u00f9 les aspects sociaux et environnementaux soient au m\u00eame niveau que les plans \u00e9conomiques\/financiers. <strong>Les bonnes intentions ne suffisent plus tout comme l\u2019\u00e9laboration de grands objectifs et de rapports annuels qui ne disent rien.<\/strong> <strong>Les fondamentaux doivent \u00eatre modifi\u00e9s : la comptabilit\u00e9, les primes, la fiscalit\u00e9, le droit commercial, etc.<\/strong> Ce n&rsquo;est qu&rsquo;alors que se produira un v\u00e9ritable changement. \u00bb<\/span><\/p><cite><strong>XAVIER PONT<br><\/strong><a href=\"https:\/\/www.ship2b.org\/\">CO-fondateur SHIP2B<\/a>, AUTeur du livre <a href=\"https:\/\/www.techbloom.org\/event-details\/live-presentacion-de-la-distopia-transhumanos-de-xavier-pont\"><em>TRANSHUMANOS<\/em><\/a>.<\/cite><\/blockquote>\n<\/div><\/div>\n\n\n\n<p class=\"wp-block-paragraph\"><strong>L&rsquo;id\u00e9e n&rsquo;est pas tout dans le processus entrepreneurial et une id\u00e9e disruptive peut mettre du temps \u00e0 \u00eatre comprise par la soci\u00e9t\u00e9. Cependant, n&rsquo;aurions-nous pas besoin maintenant d&rsquo;id\u00e9es nouvelles et r\u00e9volutionnaires pour faire face \u00e0 cette situation inconnue?<\/strong><\/p>\n\n\n\n<p class=\"wp-block-paragraph\"><strong>De nouvelles id\u00e9es sont absolument n\u00e9cessaires <\/strong>et naissent de l&rsquo;analyse du monde et des industries qui font la promotion de l&rsquo;\u00e9conomie. <strong>Le plus important est de susciter un dialogue avec des experts en industries pour aider \u00e0 g\u00e9n\u00e9rer des id\u00e9es et \u00e0 les valider sans avoir peur de les partager avec tous. <\/strong>Celles-ci ne sont pas faciles \u00e0 r\u00e9aliser car elles n\u00e9cessitent la combinaison de nombreux \u00e9l\u00e9ments et facteurs.<\/p>\n\n\n\n<p class=\"wp-block-paragraph\">Mais au bout du compte, <strong>n&rsquo;oublions pas que l\u2019entrepreneur ou l\u2019entrepreneur-innovateur est celui qui ex\u00e9cute l\u2019id\u00e9e au lieu de r\u00eaver de l\u2019ex\u00e9cuter.<\/strong><\/p>\n\n\n\n<div class=\"wp-block-media-text alignwide is-stacked-on-mobile\" style=\"grid-template-columns:19% auto\"><figure class=\"wp-block-media-text__media\"><img loading=\"lazy\" decoding=\"async\" width=\"400\" height=\"400\" src=\"http:\/\/www.audreydamas.com\/wp-content\/uploads\/2021\/02\/zv7-wllZ_400x400.png\" alt=\"\" class=\"wp-image-1132 size-full\" srcset=\"https:\/\/www.audreydamas.com\/wp-content\/uploads\/2021\/02\/zv7-wllZ_400x400.png 400w, https:\/\/www.audreydamas.com\/wp-content\/uploads\/2021\/02\/zv7-wllZ_400x400-300x300.png 300w, https:\/\/www.audreydamas.com\/wp-content\/uploads\/2021\/02\/zv7-wllZ_400x400-150x150.png 150w, https:\/\/www.audreydamas.com\/wp-content\/uploads\/2021\/02\/zv7-wllZ_400x400-270x270.png 270w, https:\/\/www.audreydamas.com\/wp-content\/uploads\/2021\/02\/zv7-wllZ_400x400-230x230.png 230w\" sizes=\"auto, (max-width: 400px) 100vw, 400px\" \/><\/figure><div class=\"wp-block-media-text__content\">\n<blockquote class=\"wp-block-quote is-layout-flow wp-block-quote-is-layout-flow\"><p><span class=\"has-inline-color has-vivid-green-cyan-color\"><em>\u00ab<\/em> L&rsquo;id\u00e9e n&rsquo;est pas tout mais elle est importante. <strong>Mais plus encore que l&rsquo;id\u00e9e, l&rsquo;essentiel est d&rsquo;avoir l&rsquo;esprit ouvert aux id\u00e9es, c&rsquo;est-\u00e0-dire d&rsquo;avoir une grande capacit\u00e9 d\u2019\u00e9coute et de savoir d\u00e9tecter les besoins.<\/strong> <strong>Si vous savez \u00e9couter, vous n\u2019aurez pas \u00e0 inventer une id\u00e9e r\u00e9volutionnaire qui triomphera dans vingt ans. <em>\u00bb<\/em><\/strong><\/span><\/p><cite><strong>DAVID TOMAS<\/strong><br>CO-FONDATEUR DE <a href=\"https:\/\/www.cyberclick.es\/\">CYBERCLICK<\/a>, AUTEUR DE <em><a href=\"http:\/\/www.davidtomas.com\/tag\/diario-de-un-millennial\/\">DIARIO DE UN MILLENNIA<\/a>L<\/em> ET DE <a href=\"https:\/\/www.laempresamasfelizdelmundo.es\/\"><em>LA EMPRESA M\u00c1S FELIZ DEL MUNDO<\/em><\/a>, BUSINESS ANGEL<\/cite><\/blockquote>\n<\/div><\/div>\n\n\n\n<p class=\"wp-block-paragraph\"><strong>L&rsquo;int\u00e9r\u00eat des entreprises pour l&rsquo;intelligence artificielle et la robotisation s&rsquo;est consid\u00e9rablement accru. Andr\u00e9, face \u00e0 cette acc\u00e9l\u00e9ration de la technologie, comment favoriser la cr\u00e9ation d&rsquo;entreprises technologiquement plus humaines ?<\/strong><\/p>\n\n\n\n<p class=\"wp-block-paragraph\"><strong>Le d\u00e9veloppement personnel est essentiel <\/strong>pour accompagner l&rsquo;\u00eatre humain dans cette grande \u00e9tape de transition. <strong>Le coaching, le mentorat et les associations favorisent cet accompagnement et permettent \u00e0 chaque personne de cerner plus clairement son r\u00f4le et ses objectifs de vie dans ce nouveau monde<\/strong>.<\/p>\n\n\n\n<div class=\"wp-block-media-text alignwide has-media-on-the-right is-stacked-on-mobile\" style=\"grid-template-columns:auto 19%\"><figure class=\"wp-block-media-text__media\"><img loading=\"lazy\" decoding=\"async\" width=\"512\" height=\"512\" src=\"http:\/\/www.audreydamas.com\/wp-content\/uploads\/2021\/02\/Alfons-11.jpg\" alt=\"\" class=\"wp-image-1182 size-full\" srcset=\"https:\/\/www.audreydamas.com\/wp-content\/uploads\/2021\/02\/Alfons-11.jpg 512w, https:\/\/www.audreydamas.com\/wp-content\/uploads\/2021\/02\/Alfons-11-300x300.jpg 300w, https:\/\/www.audreydamas.com\/wp-content\/uploads\/2021\/02\/Alfons-11-150x150.jpg 150w, https:\/\/www.audreydamas.com\/wp-content\/uploads\/2021\/02\/Alfons-11-270x270.jpg 270w, https:\/\/www.audreydamas.com\/wp-content\/uploads\/2021\/02\/Alfons-11-230x230.jpg 230w\" sizes=\"auto, (max-width: 512px) 100vw, 512px\" \/><\/figure><div class=\"wp-block-media-text__content\">\n<blockquote class=\"wp-block-quote is-layout-flow wp-block-quote-is-layout-flow\"><p><span class=\"has-inline-color has-luminous-vivid-orange-color\">\u00ab <strong>En utilisant la technologie pour r\u00e9soudre des probl\u00e8mes importants de l&rsquo;Humanit\u00e9, pas en inventant des innovations inutiles.<\/strong> En ce sens, la m\u00e9decine est un bon exemple, car elle est tourn\u00e9e vers la recherche de r\u00e9ponses aux probl\u00e8mes de sant\u00e9 des \u00eatres humains. Mais face \u00e0 cela, on a les technologies de nos Smartphones, avec un <\/span><strong><span class=\"has-inline-color has-luminous-vivid-orange-color\">certain nombre d&rsquo;applications mobiles qui n&rsquo;apportent rien, mais qui nous font perdre notre temps et notre \u00e9nergie &#8211; d\u00e9j\u00e0 limit\u00e9s &#8211;<\/span> <span class=\"has-inline-color has-luminous-vivid-orange-color\">tout en orientant notre attention sur le monde ext\u00e9rieur.<\/span><\/strong><\/p><p><span class=\"has-inline-color has-luminous-vivid-orange-color\"><strong>La technologie devrait \u00e0 permettre \u00e0 chaque \u00eatre humain de tirer profit de ses capacit\u00e9s, de son talent, pas pour se d\u00e9marquer de la concurrence mais pour se d\u00e9velopper en tant que personne. <\/strong>La vie est extraordinairement courte et nous devrions tous nous <strong>concentrer sur l&rsquo;\u00caTRE plut\u00f4t que sur le FAIRE ou l\u2019AVOIR.<\/strong><\/span><\/p><p><span class=\"has-inline-color has-luminous-vivid-orange-color\"><strong>Il n&rsquo;y aura pas de technologie plus humaine si elle ne tend pas vers le d\u00e9veloppement des talents. \u00bb<\/strong><\/span><\/p><cite><strong>ALFONS CORNELLA<\/strong><br>FONDATEUR <a href=\"https:\/\/www.instituteofnext.com\/\">INSTITUT OF NEXT BY INFONOMIA<\/a>, AUTEUR DE PLUS DE 30 LIBRES SUR L&rsquo;INNOVATION ET LA TECHNOLOGIE POUR LES ENTREPRISES.<\/cite><\/blockquote>\n<\/div><\/div>\n\n\n\n<div class=\"wp-block-media-text alignwide is-stacked-on-mobile\" style=\"grid-template-columns:21% auto\"><figure class=\"wp-block-media-text__media\"><img loading=\"lazy\" decoding=\"async\" width=\"400\" height=\"400\" src=\"http:\/\/www.audreydamas.com\/wp-content\/uploads\/2021\/02\/Xavier.png\" alt=\"\" class=\"wp-image-1094 size-full\" srcset=\"https:\/\/www.audreydamas.com\/wp-content\/uploads\/2021\/02\/Xavier.png 400w, https:\/\/www.audreydamas.com\/wp-content\/uploads\/2021\/02\/Xavier-300x300.png 300w, https:\/\/www.audreydamas.com\/wp-content\/uploads\/2021\/02\/Xavier-150x150.png 150w, https:\/\/www.audreydamas.com\/wp-content\/uploads\/2021\/02\/Xavier-270x270.png 270w, https:\/\/www.audreydamas.com\/wp-content\/uploads\/2021\/02\/Xavier-230x230.png 230w\" sizes=\"auto, (max-width: 400px) 100vw, 400px\" \/><\/figure><div class=\"wp-block-media-text__content\">\n<blockquote class=\"wp-block-quote is-layout-flow wp-block-quote-is-layout-flow\"><p><span class=\"has-inline-color has-vivid-cyan-blue-color\">\u00ab <strong>L\u2019avenir se situe au carrefour entre les technologies disruptives, l&rsquo;entrepreneuriat et les d\u00e9fis sociaux. <\/strong>La biotechnologie, la robotique ou l&rsquo;intelligence artificielle ont la capacit\u00e9 de r\u00e9soudre de nombreux d\u00e9fis sociaux. N\u00e9anmoins, nous aurons <strong>toujours besoin de la \u00ab touche \u00bb humaine<\/strong> <strong>et de la politique<\/strong> pour certains d\u00e9fis.<\/span><\/p><p><span class=\"has-inline-color has-vivid-cyan-blue-color\">En outre, la technologie a \u00e9galement le pouvoir de diriger la soci\u00e9t\u00e9.<\/span><\/p><p><span class=\"has-inline-color has-vivid-cyan-blue-color\"><strong>Qui vaincra : les utopistes ou les \u00ab dystopistes \u00bb technologiques? <\/strong> \u00bb<\/span><\/p><cite><strong>XAVIER PONT<br><\/strong><a href=\"https:\/\/www.ship2b.org\/\">CO-FONDATEUR SHIP2B<\/a>, AUTEUR DU LIVRE <a href=\"https:\/\/www.techbloom.org\/event-details\/live-presentacion-de-la-distopia-transhumanos-de-xavier-pont\"><em>TRANSHUMANOS<\/em><\/a>.<\/cite><\/blockquote>\n<\/div><\/div>\n\n\n\n<p class=\"wp-block-paragraph\"><strong>Andr\u00e9, que t\u2019inspire la citation d\u2019Einstein : \u00ab Je crains le jour o\u00f9 la technologie surpassera nos interactions humaines. Le monde aura une g\u00e9n\u00e9ration d&rsquo;idiots. \u00bb?<\/strong><\/p>\n\n\n\n<p class=\"wp-block-paragraph\">\u00c0 mes yeux, soit <strong>la technologie met en valeur les qualit\u00e9s des gens<\/strong>, soit elle ne fait qu&rsquo;exacerber leurs d\u00e9fauts. S&rsquo;il s\u2019agit d\u2019une personne souhaitant travailler et ayant une vision du monde, la technologie lui permettra de d\u00e9velopper encore plus ses qualit\u00e9s. <strong>La technologie doit accompagner et aider mais ne doit pas devenir un outil de substitution.<\/strong><\/p>\n\n\n\n<div class=\"wp-block-media-text alignwide has-media-on-the-right is-stacked-on-mobile\" style=\"grid-template-columns:auto 19%\"><figure class=\"wp-block-media-text__media\"><img loading=\"lazy\" decoding=\"async\" width=\"512\" height=\"512\" src=\"http:\/\/www.audreydamas.com\/wp-content\/uploads\/2021\/02\/Alfons-11.jpg\" alt=\"\" class=\"wp-image-1182 size-full\" srcset=\"https:\/\/www.audreydamas.com\/wp-content\/uploads\/2021\/02\/Alfons-11.jpg 512w, https:\/\/www.audreydamas.com\/wp-content\/uploads\/2021\/02\/Alfons-11-300x300.jpg 300w, https:\/\/www.audreydamas.com\/wp-content\/uploads\/2021\/02\/Alfons-11-150x150.jpg 150w, https:\/\/www.audreydamas.com\/wp-content\/uploads\/2021\/02\/Alfons-11-270x270.jpg 270w, https:\/\/www.audreydamas.com\/wp-content\/uploads\/2021\/02\/Alfons-11-230x230.jpg 230w\" sizes=\"auto, (max-width: 512px) 100vw, 512px\" \/><\/figure><div class=\"wp-block-media-text__content\">\n<blockquote class=\"wp-block-quote is-layout-flow wp-block-quote-is-layout-flow\"><p><span class=\"has-inline-color has-luminous-vivid-orange-color\">\u00ab <strong>Que nous y sommes d\u00e9j\u00e0. Le nivellement par le bas est syst\u00e9matique dans nos soci\u00e9t\u00e9s, \u00e0 la fois dans l&rsquo;Occident \u00ablib\u00e9ral\u00bb et dans l&rsquo;Orient autocratique, est accablant. La t\u00e9l\u00e9vision et les r\u00e9seaux sociaux y sont parvenus.<\/strong><\/span><\/p><p><span class=\"has-inline-color has-luminous-vivid-orange-color\"><strong>Seul l\u2019effort peut permettre de progresser. <\/strong>Or, au cours des derni\u00e8res d\u00e9cennies, l\u2019incitation \u00e0 l\u2019effort est la derni\u00e8re chose que l\u2019on a encourag\u00e9e dans la soci\u00e9t\u00e9. <strong>Le succ\u00e8s facile et banal est glorifi\u00e9, celui que la grande majorit\u00e9 de la population est capable d&rsquo;atteindre.<\/strong><\/span><\/p><p><span class=\"has-inline-color has-luminous-vivid-orange-color\"><strong>L&rsquo;\u00e9chec scolaire, en particulier en Occident, est \u00e9norme. Et nous en verrons les cons\u00e9quences dans les ann\u00e9es \u00e0 venir, avec le d\u00e9clin de nos syst\u00e8mes \u00e9conomiques et sociaux par rapport \u00e0 l&rsquo;Asie. <\/strong><\/span><\/p><cite><strong>ALFONS CORNELLA<\/strong><br>FONDATEUR <a href=\"https:\/\/www.instituteofnext.com\/\">INSTITUT OF NEXT BY INFONOMIA<\/a>, AUTEUR DE PLUS DE 30 LIBRES SUR L&rsquo;INNOVATION ET LA TECHNOLOGIE POUR LES ENTREPRISES.<\/cite><\/blockquote>\n<\/div><\/div>\n\n\n\n<p class=\"wp-block-paragraph\"><strong>Andr\u00e9,ta nouvelle entreprise, Nozama, a int\u00e9gr\u00e9 la philosophie de la consommation responsable et d\u00e9fend une s\u00e9rie de valeurs \u00e9cologiques, sociales et humaines. Que pouvons-nous faire pour que le d\u00e9veloppement durable soit l&rsquo;axe transversal de tous les projets ?<\/strong><\/p>\n\n\n\n<p class=\"wp-block-paragraph\"><strong>La durabilit\u00e9 est l&rsquo;axe de la croissance et du futur<\/strong>. Nozama aspire \u00e0 fournir les outils num\u00e9riques qui permettent aux entreprises de se d\u00e9velopper sans polluer l&rsquo;environnement. Pour que la civilisation progresse, elle doit cro\u00eetre \u00e9conomiquement mais afin qu\u2019une telle croissance ne d\u00e9truise pas la plan\u00e8te et avec elle l\u2019humanit\u00e9, elle doit \u00eatre durable. <strong>Cette \u00e9quation est incontournable.<\/strong> Amazon est le mod\u00e8le de la croissance en ligne, Nozama repr\u00e9sente l&rsquo;inverse en faisant le pari d\u2019une croissance durable.<\/p>\n\n\n\n<div class=\"wp-block-media-text alignwide is-stacked-on-mobile\" style=\"grid-template-columns:21% auto\"><figure class=\"wp-block-media-text__media\"><img loading=\"lazy\" decoding=\"async\" width=\"1024\" height=\"1024\" src=\"http:\/\/www.audreydamas.com\/wp-content\/uploads\/2021\/02\/Feli-1-1024x1024.jpg\" alt=\"\" class=\"wp-image-1096 size-full\" srcset=\"https:\/\/www.audreydamas.com\/wp-content\/uploads\/2021\/02\/Feli-1-1024x1024.jpg 1024w, https:\/\/www.audreydamas.com\/wp-content\/uploads\/2021\/02\/Feli-1-300x300.jpg 300w, https:\/\/www.audreydamas.com\/wp-content\/uploads\/2021\/02\/Feli-1-150x150.jpg 150w, https:\/\/www.audreydamas.com\/wp-content\/uploads\/2021\/02\/Feli-1-768x768.jpg 768w, https:\/\/www.audreydamas.com\/wp-content\/uploads\/2021\/02\/Feli-1-270x270.jpg 270w, https:\/\/www.audreydamas.com\/wp-content\/uploads\/2021\/02\/Feli-1-230x230.jpg 230w, https:\/\/www.audreydamas.com\/wp-content\/uploads\/2021\/02\/Feli-1.jpg 1365w\" sizes=\"auto, (max-width: 1024px) 100vw, 1024px\" \/><\/figure><div class=\"wp-block-media-text__content\">\n<blockquote class=\"wp-block-quote is-layout-flow wp-block-quote-is-layout-flow\"><p><span class=\"has-inline-color has-vivid-purple-color\">\u00ab <strong>Le d\u00e9veloppement durable est n\u00e9cessaire \u00e0 condition qu\u2019il instaure un nouveau mod\u00e8le de vie. Le probl\u00e8me est que nous ne parlons pas, ici, de mod\u00e8le de vie mais d\u2019un mod\u00e8le d\u2019\u00e9conomie que l\u2019on cherche \u00e0 r\u00e9parer en lui donnant l\u2019apparence d\u2019une conversion \u00e9cologique.<\/strong> La plan\u00e8te est ind\u00e9niablement en train d\u2019\u00e9puiser ses ressources et le syst\u00e8me de vie du monde occidental ainsi que le mod\u00e8le agro-industriel sont n\u00e9fastes pour la Terre et nous en sommes tous responsables. Mais il est vrai que la cr\u00e9ation d\u2019un nouveau syst\u00e8me \u00e9conomique durable instaurera encore le pouvoir et l\u2019influence de groupes d\u2019int\u00e9r\u00eats.<\/span><\/p><p><span class=\"has-inline-color has-vivid-purple-color\"><strong>Ce qui m\u2019indigne le plus, c\u2019est l\u2019impunit\u00e9 environnementale du pouvoir quant \u00e0 la mise en \u0153uvre d\u2019une politique de d\u00e9veloppement durable car il ne s\u2019agit pas seulement d\u2019environnement mais de personnes, d\u2019\u00e9thique et de transparence. <\/strong>Les premiers qui devraient appliquer ces mesures sont les gouvernements et les grandes organisations en mettant en \u00e9vidence l\u2019impact qu\u2019ont leurs d\u00e9cisions et l\u2019application de leurs lois et de leurs politiques dans la soci\u00e9t\u00e9, locale et mondiale. <strong>La soci\u00e9t\u00e9 est-elle repr\u00e9sent\u00e9e dans le milieu ferm\u00e9 du pouvoir ? Cela devrait \u00eatre une priorit\u00e9, un droit de l\u2019humanit\u00e9.<\/strong> \u00bb<\/span><\/p><cite><strong>FELISA PALACIO<\/strong><br>ENTREPRENEUSE ET <a href=\"https:\/\/www.taranna.com\/viajes\/\">DIRECTRICE DES RESSOURCES HUMAINES ET RSE TARANN\u00c0, VIAJES CON SENTIDO<\/a><\/cite><\/blockquote>\n<\/div><\/div>\n\n\n\n<p class=\"wp-block-paragraph\"><strong>La nature utilise la comp\u00e9tition pour cr\u00e9er l&rsquo;harmonie tandis que la th\u00e9orie darwinienne conduit \u00e0 la destruction. Est-il utopique de penser que nous r\u00e9alisons aujourd\u2019hui que la coop\u00e9ration est un facteur plus \u00e9volutif que la concurrence ?<\/strong><\/p>\n\n\n\n<p class=\"wp-block-paragraph\">La coop\u00e9ration est essentielle pour la survie de la plan\u00e8te.<strong> Comprendre qu&rsquo;ensemble, nous augmentons nos chances de nous en sortir est essentiel. Malheureusement, l&rsquo;\u00e9conomie est structur\u00e9e en une guerre d\u2019int\u00e9r\u00eats au profit d\u2019une minorit\u00e9.<\/strong><\/p>\n\n\n\n<div class=\"wp-block-media-text alignwide has-media-on-the-right is-stacked-on-mobile\" style=\"grid-template-columns:auto 19%\"><figure class=\"wp-block-media-text__media\"><img loading=\"lazy\" decoding=\"async\" width=\"400\" height=\"400\" src=\"http:\/\/www.audreydamas.com\/wp-content\/uploads\/2021\/02\/zv7-wllZ_400x400.png\" alt=\"\" class=\"wp-image-1132 size-full\" srcset=\"https:\/\/www.audreydamas.com\/wp-content\/uploads\/2021\/02\/zv7-wllZ_400x400.png 400w, https:\/\/www.audreydamas.com\/wp-content\/uploads\/2021\/02\/zv7-wllZ_400x400-300x300.png 300w, https:\/\/www.audreydamas.com\/wp-content\/uploads\/2021\/02\/zv7-wllZ_400x400-150x150.png 150w, https:\/\/www.audreydamas.com\/wp-content\/uploads\/2021\/02\/zv7-wllZ_400x400-270x270.png 270w, https:\/\/www.audreydamas.com\/wp-content\/uploads\/2021\/02\/zv7-wllZ_400x400-230x230.png 230w\" sizes=\"auto, (max-width: 400px) 100vw, 400px\" \/><\/figure><div class=\"wp-block-media-text__content\">\n<blockquote class=\"wp-block-quote is-layout-flow wp-block-quote-is-layout-flow\"><p><span class=\"has-inline-color has-vivid-green-cyan-color\"><em>\u00ab<\/em>J<strong>e ne pense pas que ce soit utopique, c&rsquo;est un changement de paradigme. <\/strong>Avant on parlait de <strong>concurrence <\/strong>et maintenant de \u00ab\u00a0<strong>coop\u00e9tition<\/strong>\u00a0\u00bb <em><span id='easy-footnote-2-1217' class='easy-footnote-margin-adjust'><\/span><span class='easy-footnote'><a href='https:\/\/www.audreydamas.com\/fr\/regards-croises-sur-lentrepreneuriat-de-demain-le-nouveau-paradigme-du-travail-lapprentissage-a-partir-de-lechec-la-resilience-la-revolution-numerique-et-la-deshumanisat\/#easy-footnote-bottom-2-1217' title='Coop\u00e9tition(= coop\u00e9ration + comp\u00e9tition) est un terme cr\u00e9\u00e9 par Barry J. Nalebuff et Adam M. Brandenburger en 1996. La coop\u00e9tition est une collaboration ou une coop\u00e9ration de circonstance ou d&amp;rsquo;opportunit\u00e9 entre diff\u00e9rents acteurs \u00e9conomiques qui, par ailleurs, sont des concurrents '><sup>2<\/sup><\/a><\/span><\/em>: parfois vous \u00eates en concurrence, parfois vous coop\u00e9rez, mais il s&rsquo;agit, avant tout, de trouver des synergies entre diff\u00e9rents acteurs qui sont des concurrents. Chacun a son propre rythme mais <strong>il est ind\u00e9niable que c\u2019est dans la coop\u00e9ration que naissent les opportunit\u00e9s<\/strong>. Prenons l\u2019exemple de Microsoft qui a profond\u00e9ment chang\u00e9 sa philosophie alors qu\u2019elle a toujours \u00e9t\u00e9 une entreprise tr\u00e8s ferm\u00e9e en ne collaborant avec personne ; elle a m\u00eame \u00e9t\u00e9 accus\u00e9e de monopole. Le livre du nouveau PDG atteste de ce changement et met en exergue l&rsquo;importance de la collaboration. <em>\u00bb<\/em><br><\/span><\/p><cite><strong>DAVID TOMAS<\/strong><br>CO-FONDATEUR DE <a href=\"https:\/\/www.cyberclick.es\/\">CYBERCLICK<\/a>, AUTEUR DE <em><a href=\"http:\/\/www.davidtomas.com\/tag\/diario-de-un-millennial\/\">DIARIO DE UN MILLENNIA<\/a>L<\/em> ET DE <a href=\"https:\/\/www.laempresamasfelizdelmundo.es\/\"><em>LA EMPRESA M\u00c1S FELIZ DEL MUNDO<\/em><\/a>, BUSINESS ANGEL<\/cite><\/blockquote>\n<\/div><\/div>\n\n\n\n<div class=\"wp-block-media-text alignwide is-stacked-on-mobile\" style=\"grid-template-columns:19% auto\"><figure class=\"wp-block-media-text__media\"><img loading=\"lazy\" decoding=\"async\" width=\"512\" height=\"512\" src=\"http:\/\/www.audreydamas.com\/wp-content\/uploads\/2021\/02\/Alfons-11.jpg\" alt=\"\" class=\"wp-image-1182 size-full\" srcset=\"https:\/\/www.audreydamas.com\/wp-content\/uploads\/2021\/02\/Alfons-11.jpg 512w, https:\/\/www.audreydamas.com\/wp-content\/uploads\/2021\/02\/Alfons-11-300x300.jpg 300w, https:\/\/www.audreydamas.com\/wp-content\/uploads\/2021\/02\/Alfons-11-150x150.jpg 150w, https:\/\/www.audreydamas.com\/wp-content\/uploads\/2021\/02\/Alfons-11-270x270.jpg 270w, https:\/\/www.audreydamas.com\/wp-content\/uploads\/2021\/02\/Alfons-11-230x230.jpg 230w\" sizes=\"auto, (max-width: 512px) 100vw, 512px\" \/><\/figure><div class=\"wp-block-media-text__content\">\n<blockquote class=\"wp-block-quote is-layout-flow wp-block-quote-is-layout-flow\"><p><span class=\"has-inline-color has-luminous-vivid-orange-color\"><em>\u00ab<\/em> Je pense que ce que nous savons, aujourd&rsquo;hui, de l&rsquo;\u00e9volution nous indique d\u00e9j\u00e0 que la collaboration est plus importante que la concurrence. Les esp\u00e8ces dont les membres ont collabor\u00e9 ont surv\u00e9cu mais aussi mieux collabor\u00e9. <strong>Cela fait plusieurs ann\u00e9es que j\u2019explique que la concurrence est une forme de collaboration peu d\u00e9velopp\u00e9e.<\/strong> Dans un environnement fondamentalement complexe, comme celui que dans lequel nous vivons, se concentrer sur la concurrence, <strong>c\u2019est persister \u00e0 ne pas vouloir comprendre qu&rsquo;il est impossible d&rsquo;avoir toutes les connaissances et les comp\u00e9tences pour r\u00e9pondre \u00e0 la complexit\u00e9. Nous ne pouvons pas r\u00e9soudre le monde tout seuls.<\/strong><\/span><\/p><p><span class=\"has-inline-color has-luminous-vivid-orange-color\">M\u00eame si c\u2019est une \u00e9vidence, les gens et les organisations ne le comprennent pas forc\u00e9ment. <strong>Malheureusement, ce n&rsquo;est que lorsque le changement climatique commencera \u00e0 avoir un impact clairement n\u00e9gatif sur la vie quotidienne de centaines de millions de personnes dans le monde (en Occident et en Chine en particulier), que nous comprendrons que sans collaboration, sans la combinaison de talents et de ressources, il n\u2019y aura pas d\u2019issue possible. <\/strong>C\u2019est ce que j\u2019ai d\u00e9j\u00e0 \u00e9crit il y a quelques ann\u00e9es dans mon livre <a href=\"https:\/\/alfonscornella.com\/2012\/05\/20\/the-solution-begins-with-co-2012\/\">La solution commence par co &#8211;<\/a>\u2026 <em>\u00bb<\/em><\/span><\/p><cite><strong>ALFONS CORNELLA<\/strong><br>FONDATEUR <a href=\"https:\/\/www.instituteofnext.com\/\">INSTITUT OF NEXT BY INFONOMIA<\/a>, AUTEUR DE PLUS DE 30 LIBRES SUR L&rsquo;INNOVATION ET LA TECHNOLOGIE POUR LES ENTREPRISES.<\/cite><\/blockquote>\n<\/div><\/div>\n\n\n\n<p class=\"wp-block-paragraph\"><strong>T\u00e9l\u00e9travail prolong\u00e9, visioconf\u00e9rences \u2026 une nouvelle fa\u00e7on de travailler est en train de s\u2019implanter et ouvrira la porte au d\u00e9bat sur l&rsquo;\u00e9volution de l&#8217;emploi, la r\u00e9vision du concept de contrat de travail, le revenu de base, etc. Selon toi, Andr\u00e9, ce nouveau paradigme professionnel sera-t-il un facteur de lib\u00e9ration et d&rsquo;innovation ou plut\u00f4t <a href=\"https:\/\/www.audreydamas.com\/fr\/interview-de-christophe-cosse-la-liberte-interieure-est-inalienable\/\">un outil de contr\u00f4le et une nouvelle forme d&rsquo;esclavage <\/a>?<\/strong><\/p>\n\n\n\n<p class=\"wp-block-paragraph\">Je pense que si les entreprises se basent sur la r\u00e9alisation d&rsquo;objectifs et si ceux-ci sont atteints, <strong>il n&rsquo;y a pas de limites \u00e0 la fa\u00e7on dont les gens peuvent travailler tant qu\u2019est maintenu le contact humain des r\u00e9unions pr\u00e9sentielles, non pr\u00e9serv\u00e9 par les visioconf\u00e9rences par exemple<\/strong>. Quant aux personnes\/travailleurs, l\u2019organisation et la gestion de leur temps est un point cl\u00e9. Ils pourront d\u00e9couvrir comment en tirer le meilleur parti et avoir une vie plus productive et \u00e9panouissante en \u00e9conomisant le temps de trajet domicile\/travail qui caract\u00e9risait la vie humaine avant le Coronavirus.<\/p>\n\n\n\n<div class=\"wp-block-media-text alignwide has-media-on-the-right is-stacked-on-mobile\" style=\"grid-template-columns:auto 22%\"><figure class=\"wp-block-media-text__media\"><img loading=\"lazy\" decoding=\"async\" width=\"512\" height=\"512\" src=\"http:\/\/www.audreydamas.com\/wp-content\/uploads\/2021\/02\/Alfons-10.jpg\" alt=\"\" class=\"wp-image-1180 size-full\" srcset=\"https:\/\/www.audreydamas.com\/wp-content\/uploads\/2021\/02\/Alfons-10.jpg 512w, https:\/\/www.audreydamas.com\/wp-content\/uploads\/2021\/02\/Alfons-10-300x300.jpg 300w, https:\/\/www.audreydamas.com\/wp-content\/uploads\/2021\/02\/Alfons-10-150x150.jpg 150w, https:\/\/www.audreydamas.com\/wp-content\/uploads\/2021\/02\/Alfons-10-270x270.jpg 270w, https:\/\/www.audreydamas.com\/wp-content\/uploads\/2021\/02\/Alfons-10-230x230.jpg 230w\" sizes=\"auto, (max-width: 512px) 100vw, 512px\" \/><\/figure><div class=\"wp-block-media-text__content\">\n<blockquote class=\"wp-block-quote is-layout-flow wp-block-quote-is-layout-flow\"><p><span class=\"has-inline-color has-luminous-vivid-orange-color\"><em>\u00ab<\/em> Il n&rsquo;y a aucun moyen de le savoir. Ce que je pressens, <strong>c&rsquo;est une diminution de nos revendications concernant les droits du travail parce que nous serons pr\u00eats \u00e0 tout accepter pour maintenir une vie \u00e0 peu pr\u00e8s digne. <\/strong>\u00c9videmment, tout le monde ne sera pas dans la m\u00eame situation, mais \u00e0 mon avis, u<strong>ne partie de plus en plus importante de la population active ne pourra pas choisir l\u2019emploi qu\u2019elle souhaite et devra se contenter de ce qu\u2019elle trouve. <\/strong>I<strong>l y aura un recul des libert\u00e9s en \u00e9change du maintien d&rsquo;une partie de notre dignit\u00e9. <\/strong>Et l&rsquo;\u00e9mergence de machines \u00abintelligentes\u00bb ne fera qu&rsquo;accro\u00eetre cette pression, en faisant dispara\u00eetre de plus en plus d&#8217;emplois.<\/span><\/p><p><span class=\"has-inline-color has-luminous-vivid-orange-color\"><strong>Le seul antidote \u00e0 cette situation est une soci\u00e9t\u00e9 dans laquelle chaque individu peut d\u00e9velopper son talent diff\u00e9rentiel \u2026 <\/strong>Mais je ne pense pas le voir un jour. <em>\u00bb<\/em><\/span><\/p><cite><strong>ALFONS CORNELLA<\/strong><br>FONDATEUR <a href=\"https:\/\/www.instituteofnext.com\/\">INSTITUT OF NEXT BY INFONOMIA<\/a>, AUTEUR DE PLUS DE 30 LIBRES SUR L&rsquo;INNOVATION ET LA TECHNOLOGIE POUR LES ENTREPRISES.<\/cite><\/blockquote>\n<\/div><\/div>\n\n\n\n<div class=\"wp-block-media-text alignwide is-stacked-on-mobile\" style=\"grid-template-columns:21% auto\"><figure class=\"wp-block-media-text__media\"><img loading=\"lazy\" decoding=\"async\" width=\"400\" height=\"400\" src=\"http:\/\/www.audreydamas.com\/wp-content\/uploads\/2021\/02\/Xavier.png\" alt=\"\" class=\"wp-image-1094 size-full\" srcset=\"https:\/\/www.audreydamas.com\/wp-content\/uploads\/2021\/02\/Xavier.png 400w, https:\/\/www.audreydamas.com\/wp-content\/uploads\/2021\/02\/Xavier-300x300.png 300w, https:\/\/www.audreydamas.com\/wp-content\/uploads\/2021\/02\/Xavier-150x150.png 150w, https:\/\/www.audreydamas.com\/wp-content\/uploads\/2021\/02\/Xavier-270x270.png 270w, https:\/\/www.audreydamas.com\/wp-content\/uploads\/2021\/02\/Xavier-230x230.png 230w\" sizes=\"auto, (max-width: 400px) 100vw, 400px\" \/><\/figure><div class=\"wp-block-media-text__content\">\n<blockquote class=\"wp-block-quote is-layout-flow wp-block-quote-is-layout-flow\"><p><span class=\"has-inline-color has-vivid-cyan-blue-color\"> <em>\u00ab<\/em> C&rsquo;est un grand d\u00e9bat. <strong>Aurons-nous une \u00ab Gig economy \u00bb (une r\u00e9alit\u00e9 \u00e9conomique dans laquelle de multiples travailleurs ind\u00e9pendants et sous-traitants sont pay\u00e9s \u00e0 la t\u00e2che et non au mois avec un employeur unique) avec une \u00e9lite technologique privil\u00e9gi\u00e9e et une grande masse pauvre, sans emploi et ayant peu de droits? Ou bien s\u2019agira-t-il d\u2019une soci\u00e9t\u00e9 technologiquement avanc\u00e9e avec une grande classe moyenne oisive b\u00e9n\u00e9ficiant d\u2019un revenu d\u00e9cent qui vivra mieux que jamais?<\/strong> Mes pens\u00e9es oscillent en permanence entre ces deux possibilit\u00e9s. <em>\u00bb<\/em><\/span><\/p><cite><strong>XAVIER PONT<br><\/strong><a href=\"https:\/\/www.ship2b.org\/\">CO-FONDATEUR SHIP2B<\/a>, AUTEUR DU LIVRE <a href=\"https:\/\/www.techbloom.org\/event-details\/live-presentacion-de-la-distopia-transhumanos-de-xavier-pont\"><em>TRANSHUMANOS<\/em><\/a>.<\/cite><\/blockquote>\n<\/div><\/div>\n\n\n\n<div class=\"wp-block-media-text alignwide has-media-on-the-right is-stacked-on-mobile\" style=\"grid-template-columns:auto 21%\"><figure class=\"wp-block-media-text__media\"><img loading=\"lazy\" decoding=\"async\" width=\"400\" height=\"400\" src=\"http:\/\/www.audreydamas.com\/wp-content\/uploads\/2021\/02\/zv7-wllZ_400x400.png\" alt=\"\" class=\"wp-image-1132 size-full\" srcset=\"https:\/\/www.audreydamas.com\/wp-content\/uploads\/2021\/02\/zv7-wllZ_400x400.png 400w, https:\/\/www.audreydamas.com\/wp-content\/uploads\/2021\/02\/zv7-wllZ_400x400-300x300.png 300w, https:\/\/www.audreydamas.com\/wp-content\/uploads\/2021\/02\/zv7-wllZ_400x400-150x150.png 150w, https:\/\/www.audreydamas.com\/wp-content\/uploads\/2021\/02\/zv7-wllZ_400x400-270x270.png 270w, https:\/\/www.audreydamas.com\/wp-content\/uploads\/2021\/02\/zv7-wllZ_400x400-230x230.png 230w\" sizes=\"auto, (max-width: 400px) 100vw, 400px\" \/><\/figure><div class=\"wp-block-media-text__content\">\n<blockquote class=\"wp-block-quote is-layout-flow wp-block-quote-is-layout-flow\"><p><span class=\"has-inline-color has-vivid-green-cyan-color\"><em>\u00ab<\/em>Je pense qu\u2019<strong>un monde de possibilit\u00e9s va s\u2019ouvrir \u00e0 nous mais plus en raison de la technologie que du t\u00e9l\u00e9travail. D\u00e9sormais, les personnes qui peuvent ou veulent se former auront acc\u00e8s \u00e0 de nombreuses opportunit\u00e9s. <\/strong>Avant, on conservait le m\u00eame travail toute sa vie. \u00c0 pr\u00e9sent, et c\u2019est valable pour chaque profession, celui qui n&rsquo;apprend pas et ne s&rsquo;am\u00e9liore pas sera laiss\u00e9-pour-compte. Il se peut qu&rsquo;une partie de la population souffre des cons\u00e9quences de la crise et i<strong>l nous faudra, effectivement, trouver des solutions tel que le revenu universel.<\/strong> Mais<strong> globalement, pour ce qui rel\u00e8ve du bien-\u00eatre et de la qualit\u00e9 de vie, je pense que ce sera tr\u00e8s positif.<em> <em>\u00bb<\/em><\/em><\/strong><\/span><\/p><cite><strong>DAVID TOMAS<\/strong><br>CO-FONDATEUR DE <a href=\"https:\/\/www.cyberclick.es\/\">CYBERCLICK<\/a>, AUTEUR DE <em><a href=\"http:\/\/www.davidtomas.com\/tag\/diario-de-un-millennial\/\">DIARIO DE UN MILLENNIA<\/a>L<\/em> ET DE <a href=\"https:\/\/www.laempresamasfelizdelmundo.es\/\"><em>LA EMPRESA M\u00c1S FELIZ DEL MUNDO<\/em><\/a>, BUSINESS ANGEL<\/cite><\/blockquote>\n<\/div><\/div>\n\n\n\n<p class=\"wp-block-paragraph\"><strong>Andr\u00e9, \u00e0 quoi ressembleront les entrepreneurs de l\u2019\u00e8re post-Covid ?<\/strong><\/p>\n\n\n\n<p class=\"wp-block-paragraph\"><strong>Les entrepreneurs voyageront beaucoup moins et seront encore plus flexibles lorsqu&rsquo;ils travailleront avec leurs \u00e9quipes, fournisseurs, clients et autres entreprises. Cependant, ils seront beaucoup plus exigeants du fait de l&rsquo;absence de lieux de travail fixes ou de la flexibilit\u00e9 li\u00e9e au t\u00e9l\u00e9travail.<\/strong> Il y aura, en effet, une pression plus forte pour atteindre les objectifs fix\u00e9s dans la mesure o\u00f9 la partie \u00ab humaine \u00bb qui sert \u00e0 justifier les \u00abretards\u00bb ou les \u00aberreurs\u00bb aura tendance \u00e0 dispara\u00eetre.<\/p>\n\n\n\n<div class=\"wp-block-media-text alignwide is-stacked-on-mobile\" style=\"grid-template-columns:22% auto\"><figure class=\"wp-block-media-text__media\"><img loading=\"lazy\" decoding=\"async\" width=\"1024\" height=\"1024\" src=\"http:\/\/www.audreydamas.com\/wp-content\/uploads\/2021\/02\/Feli-1-1024x1024.jpg\" alt=\"\" class=\"wp-image-1096 size-full\" srcset=\"https:\/\/www.audreydamas.com\/wp-content\/uploads\/2021\/02\/Feli-1-1024x1024.jpg 1024w, https:\/\/www.audreydamas.com\/wp-content\/uploads\/2021\/02\/Feli-1-300x300.jpg 300w, https:\/\/www.audreydamas.com\/wp-content\/uploads\/2021\/02\/Feli-1-150x150.jpg 150w, https:\/\/www.audreydamas.com\/wp-content\/uploads\/2021\/02\/Feli-1-768x768.jpg 768w, https:\/\/www.audreydamas.com\/wp-content\/uploads\/2021\/02\/Feli-1-270x270.jpg 270w, https:\/\/www.audreydamas.com\/wp-content\/uploads\/2021\/02\/Feli-1-230x230.jpg 230w, https:\/\/www.audreydamas.com\/wp-content\/uploads\/2021\/02\/Feli-1.jpg 1365w\" sizes=\"auto, (max-width: 1024px) 100vw, 1024px\" \/><\/figure><div class=\"wp-block-media-text__content\">\n<blockquote class=\"wp-block-quote is-layout-flow wp-block-quote-is-layout-flow\"><p><span class=\"has-inline-color has-vivid-purple-color\">\u00ab Il y aura, je pense, autant de types d\u2019entrepreneurs que de personnes. <strong>Mais ces futurs entrepreneurs devront avoir une bonne connaissance d\u2019eux-m\u00eames, de leurs qualit\u00e9s et de leurs talents mais aussi de leur part d\u2019ombre qu\u2019il leur faudra int\u00e9grer.<\/strong> Ils devront \u00e9galement <strong>disposer d\u2019une tr\u00e8s grande capacit\u00e9 d\u2019adaptation, de flexibilit\u00e9 et d\u2019\u00e9coute et consid\u00e9rer leur travail comme une contribution \u00e0 la soci\u00e9t\u00e9, et non pas seulement comme un fondement \u00e9conomique.<\/strong> <strong>Sinc\u00e9rit\u00e9, authenticit\u00e9 et leadership conscient pourraient repr\u00e9senter des axes d\u2019actions sans pr\u00e9c\u00e9dent. \u00bb<\/strong><\/span><\/p><cite><strong>FELISA PALACIO<\/strong><br>ENTREPRENEUSE ET <a href=\"https:\/\/www.taranna.com\/viajes\/\">DIRECTRICE DES RESSOURCES HUMAINES ET RSE TARANN\u00c0, VIAJES CON SENTIDO<\/a><\/cite><\/blockquote>\n<\/div><\/div>\n\n\n\n<div class=\"wp-block-media-text alignwide has-media-on-the-right is-stacked-on-mobile\" style=\"grid-template-columns:auto 21%\"><figure class=\"wp-block-media-text__media\"><img loading=\"lazy\" decoding=\"async\" width=\"400\" height=\"400\" src=\"http:\/\/www.audreydamas.com\/wp-content\/uploads\/2021\/02\/Xavier.png\" alt=\"\" class=\"wp-image-1094 size-full\" srcset=\"https:\/\/www.audreydamas.com\/wp-content\/uploads\/2021\/02\/Xavier.png 400w, https:\/\/www.audreydamas.com\/wp-content\/uploads\/2021\/02\/Xavier-300x300.png 300w, https:\/\/www.audreydamas.com\/wp-content\/uploads\/2021\/02\/Xavier-150x150.png 150w, https:\/\/www.audreydamas.com\/wp-content\/uploads\/2021\/02\/Xavier-270x270.png 270w, https:\/\/www.audreydamas.com\/wp-content\/uploads\/2021\/02\/Xavier-230x230.png 230w\" sizes=\"auto, (max-width: 400px) 100vw, 400px\" \/><\/figure><div class=\"wp-block-media-text__content\">\n<blockquote class=\"wp-block-quote is-layout-flow wp-block-quote-is-layout-flow\"><p><span class=\"has-inline-color has-vivid-cyan-blue-color\">\u00ab Sans aucun doute, plus num\u00e9riques et plus tourn\u00e9s vers le social ! \u00bb<\/span><\/p><cite><strong>XAVIER PONT<br><\/strong><a href=\"https:\/\/www.ship2b.org\/\">CO-FONDATEUR SHIP2B<\/a>, AUTEUR DU LIVRE <a href=\"https:\/\/www.techbloom.org\/event-details\/live-presentacion-de-la-distopia-transhumanos-de-xavier-pont\"><em>TRANSHUMANOS<\/em><\/a>.<\/cite><\/blockquote>\n<\/div><\/div>\n\n\n\n<div class=\"wp-block-media-text alignwide is-stacked-on-mobile\" style=\"grid-template-columns:17% auto\"><figure class=\"wp-block-media-text__media\"><img loading=\"lazy\" decoding=\"async\" width=\"681\" height=\"886\" src=\"http:\/\/www.audreydamas.com\/wp-content\/uploads\/2021\/02\/Elisabet-Bach_3-6.jpg\" alt=\"\" class=\"wp-image-1215 size-full\" srcset=\"https:\/\/www.audreydamas.com\/wp-content\/uploads\/2021\/02\/Elisabet-Bach_3-6.jpg 681w, https:\/\/www.audreydamas.com\/wp-content\/uploads\/2021\/02\/Elisabet-Bach_3-6-231x300.jpg 231w\" sizes=\"auto, (max-width: 681px) 100vw, 681px\" \/><\/figure><div class=\"wp-block-media-text__content\">\n<blockquote class=\"wp-block-quote is-layout-flow wp-block-quote-is-layout-flow\"><p><span class=\"has-inline-color has-vivid-red-color\">\u00ab Je pense que <strong>le foss\u00e9 se creusera entre l\u2019entrepreneuriat d\u2019opportunit\u00e9 \u2013 n\u00e9 de l\u2019identification d\u2019opportunit\u00e9s entrepreneuriales ou de l\u2019attitude motiv\u00e9e et constructive personnelle de l\u2019entrepreneur &#8211; et l\u2019entrepreneuriat de n\u00e9cessit\u00e9  r\u00e9pondant \u00e0 un besoin, une ins\u00e9curit\u00e9 ou une insatisfaction.<\/strong><\/span><\/p><p><span class=\"has-inline-color has-vivid-red-color\">J\u2019ai la sensation que <strong>l&rsquo;entrepreneuriat d\u2019opportunit\u00e9 continuera de b\u00e9n\u00e9ficier du m\u00eame dynamisme, de la capacit\u00e9 d&rsquo;innovation et de croissance qui le caract\u00e9risent.<\/strong><\/span><\/p><p><span class=\"has-inline-color has-vivid-red-color\"><strong>Je crains que l&rsquo;entrepreneuriat de n\u00e9cessit\u00e9 ne naisse de situations pr\u00e9caires, dans l\u2019urgence et le besoin de g\u00e9n\u00e9rer des revenus pour couvrir des frais personnels, avec un acc\u00e8s au cr\u00e9dit de plus en plus restreint. \u00bb<\/strong><\/span><\/p><cite><strong>ELISABET BACH<\/strong><br>\u00c9CONOMISTE ET <a href=\"https:\/\/www.elisabetbach.com\/es\/\">CONSULTANTE <\/a>POUR LA CR\u00c9ATION ET LA CONSOLIDATION D&rsquo;ENTREPRISES.<\/cite><\/blockquote>\n<\/div><\/div>\n\n\n\n<div class=\"wp-block-media-text alignwide has-media-on-the-right is-stacked-on-mobile\" style=\"grid-template-columns:auto 22%\"><figure class=\"wp-block-media-text__media\"><img loading=\"lazy\" decoding=\"async\" width=\"512\" height=\"512\" src=\"http:\/\/www.audreydamas.com\/wp-content\/uploads\/2021\/02\/Alfons-11.jpg\" alt=\"\" class=\"wp-image-1182 size-full\" srcset=\"https:\/\/www.audreydamas.com\/wp-content\/uploads\/2021\/02\/Alfons-11.jpg 512w, https:\/\/www.audreydamas.com\/wp-content\/uploads\/2021\/02\/Alfons-11-300x300.jpg 300w, https:\/\/www.audreydamas.com\/wp-content\/uploads\/2021\/02\/Alfons-11-150x150.jpg 150w, https:\/\/www.audreydamas.com\/wp-content\/uploads\/2021\/02\/Alfons-11-270x270.jpg 270w, https:\/\/www.audreydamas.com\/wp-content\/uploads\/2021\/02\/Alfons-11-230x230.jpg 230w\" sizes=\"auto, (max-width: 512px) 100vw, 512px\" \/><\/figure><div class=\"wp-block-media-text__content\">\n<blockquote class=\"wp-block-quote is-layout-flow wp-block-quote-is-layout-flow\"><p><span class=\"has-inline-color has-luminous-vivid-orange-color\">\u00ab <strong>Plus scientifiques. Il n&rsquo;y aura pas de place pour les innovations inutiles. <\/strong>Seul ce qui fournira une r\u00e9ponse claire, une solution \u00e0 un probl\u00e8me pertinent, pourra prosp\u00e9rer. En ce sens, la science, avec les possibilit\u00e9s de d\u00e9couvertes qu&rsquo;offre la Nature , a encore un champ immense \u00e0 parcourir. <strong>Plus de science et moins de b\u00eatises num\u00e9riques. <\/strong>Du moins, c&rsquo;est ce que j&rsquo;aimerais voir arriver. \u00bb<\/span><\/p><cite><strong>ALFONS CORNELLA<\/strong><br>FONDATEUR <a href=\"https:\/\/www.instituteofnext.com\/\">INSTITUT OF NEXT BY INFONOMIA<\/a>, AUTEUR DE PLUS DE 30 LIBRES SUR L&rsquo;INNOVATION ET LA TECHNOLOGIE POUR LES ENTREPRISES.<\/cite><\/blockquote>\n<\/div><\/div>\n","protected":false},"excerpt":{"rendered":"<p>Le monde est en proie \u00e0 de profonds changements globaux, \u00e0 une transformation \u00e0 la fois mat\u00e9rielle, sociale, \u00e9conomique, technologique, scientifique et spirituelle. Comment pouvons-nous accompagner ce changement et lui donner du sens? Comment souhaitons-nous vivre sur les plans personnel<\/p>\n","protected":false},"author":1,"featured_media":1191,"comment_status":"open","ping_status":"open","sticky":false,"template":"","format":"standard","meta":{"footnotes":""},"categories":[11],"tags":[],"class_list":["post-1217","post","type-post","status-publish","format-standard","has-post-thumbnail","hentry","category-non-classifiee"],"yoast_head":"<!-- This site is optimized with the Yoast SEO plugin v28.3 - https:\/\/yoast.com\/product\/yoast-seo-wordpress\/ -->\n<title>Regards crois\u00e9s sur l\u2019entrepreneuriat de demain, le nouveau paradigme du travail, l\u2019apprentissage \u00e0 partir de l\u2019\u00e9chec, la r\u00e9silience, la r\u00e9volution num\u00e9rique et la d\u00e9shumanisation. - Audrey Damas<\/title>\n<meta name=\"robots\" content=\"index, follow, max-snippet:-1, max-image-preview:large, max-video-preview:-1\" \/>\n<link rel=\"canonical\" href=\"https:\/\/www.audreydamas.com\/fr\/regards-croises-sur-lentrepreneuriat-de-demain-le-nouveau-paradigme-du-travail-lapprentissage-a-partir-de-lechec-la-resilience-la-revolution-numerique-et-la-deshumanisat\/\" \/>\n<meta property=\"og:locale\" content=\"fr_FR\" \/>\n<meta property=\"og:type\" content=\"article\" \/>\n<meta property=\"og:title\" content=\"Regards crois\u00e9s sur l\u2019entrepreneuriat de demain, le nouveau paradigme du travail, l\u2019apprentissage \u00e0 partir de l\u2019\u00e9chec, la r\u00e9silience, la r\u00e9volution num\u00e9rique et la d\u00e9shumanisation. - Audrey Damas\" \/>\n<meta property=\"og:description\" content=\"Le monde est en proie \u00e0 de profonds changements globaux, \u00e0 une transformation \u00e0 la fois mat\u00e9rielle, sociale, \u00e9conomique, technologique, scientifique et spirituelle. Comment pouvons-nous accompagner ce changement et lui donner du sens? Comment souhaitons-nous vivre sur les plans personnel\" \/>\n<meta property=\"og:url\" content=\"https:\/\/www.audreydamas.com\/fr\/regards-croises-sur-lentrepreneuriat-de-demain-le-nouveau-paradigme-du-travail-lapprentissage-a-partir-de-lechec-la-resilience-la-revolution-numerique-et-la-deshumanisat\/\" \/>\n<meta property=\"og:site_name\" content=\"Audrey Damas\" \/>\n<meta property=\"article:published_time\" content=\"2021-03-02T12:30:11+00:00\" \/>\n<meta property=\"article:modified_time\" content=\"2021-03-02T21:17:56+00:00\" \/>\n<meta property=\"og:image\" content=\"https:\/\/www.audreydamas.com\/wp-content\/uploads\/2021\/02\/424_curvisme_las_manos_55_x_40-scaled.jpg\" \/>\n\t<meta property=\"og:image:width\" content=\"1748\" \/>\n\t<meta property=\"og:image:height\" content=\"2560\" \/>\n\t<meta property=\"og:image:type\" content=\"image\/jpeg\" \/>\n<meta name=\"author\" content=\"Audrey Damas\" \/>\n<meta name=\"twitter:card\" content=\"summary_large_image\" \/>\n<meta name=\"twitter:label1\" content=\"\u00c9crit par\" \/>\n\t<meta name=\"twitter:data1\" content=\"Audrey Damas\" \/>\n\t<meta name=\"twitter:label2\" content=\"Dur\u00e9e de lecture estim\u00e9e\" \/>\n\t<meta name=\"twitter:data2\" content=\"41 minutes\" \/>\n<script type=\"application\/ld+json\" class=\"yoast-schema-graph\">{\"@context\":\"https:\\\/\\\/schema.org\",\"@graph\":[{\"@type\":\"Article\",\"@id\":\"https:\\\/\\\/www.audreydamas.com\\\/fr\\\/regards-croises-sur-lentrepreneuriat-de-demain-le-nouveau-paradigme-du-travail-lapprentissage-a-partir-de-lechec-la-resilience-la-revolution-numerique-et-la-deshumanisat\\\/#article\",\"isPartOf\":{\"@id\":\"https:\\\/\\\/www.audreydamas.com\\\/fr\\\/regards-croises-sur-lentrepreneuriat-de-demain-le-nouveau-paradigme-du-travail-lapprentissage-a-partir-de-lechec-la-resilience-la-revolution-numerique-et-la-deshumanisat\\\/\"},\"author\":{\"name\":\"Audrey Damas\",\"@id\":\"https:\\\/\\\/www.audreydamas.com\\\/fr\\\/#\\\/schema\\\/person\\\/7046ecd2f9a2fcf67fab01f81a45fb09\"},\"headline\":\"Regards crois\u00e9s sur l\u2019entrepreneuriat de demain, le nouveau paradigme du travail, l\u2019apprentissage \u00e0 partir de l\u2019\u00e9chec, la r\u00e9silience, la r\u00e9volution num\u00e9rique et la d\u00e9shumanisation.\",\"datePublished\":\"2021-03-02T12:30:11+00:00\",\"dateModified\":\"2021-03-02T21:17:56+00:00\",\"mainEntityOfPage\":{\"@id\":\"https:\\\/\\\/www.audreydamas.com\\\/fr\\\/regards-croises-sur-lentrepreneuriat-de-demain-le-nouveau-paradigme-du-travail-lapprentissage-a-partir-de-lechec-la-resilience-la-revolution-numerique-et-la-deshumanisat\\\/\"},\"wordCount\":8399,\"commentCount\":1,\"publisher\":{\"@id\":\"https:\\\/\\\/www.audreydamas.com\\\/fr\\\/#organization\"},\"image\":{\"@id\":\"https:\\\/\\\/www.audreydamas.com\\\/fr\\\/regards-croises-sur-lentrepreneuriat-de-demain-le-nouveau-paradigme-du-travail-lapprentissage-a-partir-de-lechec-la-resilience-la-revolution-numerique-et-la-deshumanisat\\\/#primaryimage\"},\"thumbnailUrl\":\"https:\\\/\\\/www.audreydamas.com\\\/wp-content\\\/uploads\\\/2021\\\/02\\\/424_curvisme_las_manos_55_x_40-scaled.jpg\",\"articleSection\":[\"Non classifi\u00e9(e)\"],\"inLanguage\":\"fr-FR\",\"potentialAction\":[{\"@type\":\"CommentAction\",\"name\":\"Comment\",\"target\":[\"https:\\\/\\\/www.audreydamas.com\\\/fr\\\/regards-croises-sur-lentrepreneuriat-de-demain-le-nouveau-paradigme-du-travail-lapprentissage-a-partir-de-lechec-la-resilience-la-revolution-numerique-et-la-deshumanisat\\\/#respond\"]}]},{\"@type\":\"WebPage\",\"@id\":\"https:\\\/\\\/www.audreydamas.com\\\/fr\\\/regards-croises-sur-lentrepreneuriat-de-demain-le-nouveau-paradigme-du-travail-lapprentissage-a-partir-de-lechec-la-resilience-la-revolution-numerique-et-la-deshumanisat\\\/\",\"url\":\"https:\\\/\\\/www.audreydamas.com\\\/fr\\\/regards-croises-sur-lentrepreneuriat-de-demain-le-nouveau-paradigme-du-travail-lapprentissage-a-partir-de-lechec-la-resilience-la-revolution-numerique-et-la-deshumanisat\\\/\",\"name\":\"Regards crois\u00e9s sur l\u2019entrepreneuriat de demain, le nouveau paradigme du travail, l\u2019apprentissage \u00e0 partir de l\u2019\u00e9chec, la r\u00e9silience, la r\u00e9volution num\u00e9rique et la d\u00e9shumanisation. - Audrey Damas\",\"isPartOf\":{\"@id\":\"https:\\\/\\\/www.audreydamas.com\\\/fr\\\/#website\"},\"primaryImageOfPage\":{\"@id\":\"https:\\\/\\\/www.audreydamas.com\\\/fr\\\/regards-croises-sur-lentrepreneuriat-de-demain-le-nouveau-paradigme-du-travail-lapprentissage-a-partir-de-lechec-la-resilience-la-revolution-numerique-et-la-deshumanisat\\\/#primaryimage\"},\"image\":{\"@id\":\"https:\\\/\\\/www.audreydamas.com\\\/fr\\\/regards-croises-sur-lentrepreneuriat-de-demain-le-nouveau-paradigme-du-travail-lapprentissage-a-partir-de-lechec-la-resilience-la-revolution-numerique-et-la-deshumanisat\\\/#primaryimage\"},\"thumbnailUrl\":\"https:\\\/\\\/www.audreydamas.com\\\/wp-content\\\/uploads\\\/2021\\\/02\\\/424_curvisme_las_manos_55_x_40-scaled.jpg\",\"datePublished\":\"2021-03-02T12:30:11+00:00\",\"dateModified\":\"2021-03-02T21:17:56+00:00\",\"breadcrumb\":{\"@id\":\"https:\\\/\\\/www.audreydamas.com\\\/fr\\\/regards-croises-sur-lentrepreneuriat-de-demain-le-nouveau-paradigme-du-travail-lapprentissage-a-partir-de-lechec-la-resilience-la-revolution-numerique-et-la-deshumanisat\\\/#breadcrumb\"},\"inLanguage\":\"fr-FR\",\"potentialAction\":[{\"@type\":\"ReadAction\",\"target\":[\"https:\\\/\\\/www.audreydamas.com\\\/fr\\\/regards-croises-sur-lentrepreneuriat-de-demain-le-nouveau-paradigme-du-travail-lapprentissage-a-partir-de-lechec-la-resilience-la-revolution-numerique-et-la-deshumanisat\\\/\"]}]},{\"@type\":\"ImageObject\",\"inLanguage\":\"fr-FR\",\"@id\":\"https:\\\/\\\/www.audreydamas.com\\\/fr\\\/regards-croises-sur-lentrepreneuriat-de-demain-le-nouveau-paradigme-du-travail-lapprentissage-a-partir-de-lechec-la-resilience-la-revolution-numerique-et-la-deshumanisat\\\/#primaryimage\",\"url\":\"https:\\\/\\\/www.audreydamas.com\\\/wp-content\\\/uploads\\\/2021\\\/02\\\/424_curvisme_las_manos_55_x_40-scaled.jpg\",\"contentUrl\":\"https:\\\/\\\/www.audreydamas.com\\\/wp-content\\\/uploads\\\/2021\\\/02\\\/424_curvisme_las_manos_55_x_40-scaled.jpg\",\"width\":1748,\"height\":2560},{\"@type\":\"BreadcrumbList\",\"@id\":\"https:\\\/\\\/www.audreydamas.com\\\/fr\\\/regards-croises-sur-lentrepreneuriat-de-demain-le-nouveau-paradigme-du-travail-lapprentissage-a-partir-de-lechec-la-resilience-la-revolution-numerique-et-la-deshumanisat\\\/#breadcrumb\",\"itemListElement\":[{\"@type\":\"ListItem\",\"position\":1,\"name\":\"Portada\",\"item\":\"https:\\\/\\\/www.audreydamas.com\\\/fr\\\/\"},{\"@type\":\"ListItem\",\"position\":2,\"name\":\"Regards crois\u00e9s sur l\u2019entrepreneuriat de demain, le nouveau paradigme du travail, l\u2019apprentissage \u00e0 partir de l\u2019\u00e9chec, la r\u00e9silience, la r\u00e9volution num\u00e9rique et la d\u00e9shumanisation.\"}]},{\"@type\":\"WebSite\",\"@id\":\"https:\\\/\\\/www.audreydamas.com\\\/fr\\\/#website\",\"url\":\"https:\\\/\\\/www.audreydamas.com\\\/fr\\\/\",\"name\":\"Audrey Damas\",\"description\":\"Palabras creadoras de sentido, autenticidad y armon\u00eda\",\"publisher\":{\"@id\":\"https:\\\/\\\/www.audreydamas.com\\\/fr\\\/#organization\"},\"potentialAction\":[{\"@type\":\"SearchAction\",\"target\":{\"@type\":\"EntryPoint\",\"urlTemplate\":\"https:\\\/\\\/www.audreydamas.com\\\/fr\\\/?s={search_term_string}\"},\"query-input\":{\"@type\":\"PropertyValueSpecification\",\"valueRequired\":true,\"valueName\":\"search_term_string\"}}],\"inLanguage\":\"fr-FR\"},{\"@type\":\"Organization\",\"@id\":\"https:\\\/\\\/www.audreydamas.com\\\/fr\\\/#organization\",\"name\":\"Audrey Damas\",\"url\":\"https:\\\/\\\/www.audreydamas.com\\\/fr\\\/\",\"logo\":{\"@type\":\"ImageObject\",\"inLanguage\":\"fr-FR\",\"@id\":\"https:\\\/\\\/www.audreydamas.com\\\/fr\\\/#\\\/schema\\\/logo\\\/image\\\/\",\"url\":\"https:\\\/\\\/www.audreydamas.com\\\/wp-content\\\/uploads\\\/2020\\\/07\\\/cropped-LOGO-WEBSITE-Audrey-Damas-1.jpg\",\"contentUrl\":\"https:\\\/\\\/www.audreydamas.com\\\/wp-content\\\/uploads\\\/2020\\\/07\\\/cropped-LOGO-WEBSITE-Audrey-Damas-1.jpg\",\"width\":88,\"height\":88,\"caption\":\"Audrey Damas\"},\"image\":{\"@id\":\"https:\\\/\\\/www.audreydamas.com\\\/fr\\\/#\\\/schema\\\/logo\\\/image\\\/\"}},{\"@type\":\"Person\",\"@id\":\"https:\\\/\\\/www.audreydamas.com\\\/fr\\\/#\\\/schema\\\/person\\\/7046ecd2f9a2fcf67fab01f81a45fb09\",\"name\":\"Audrey Damas\",\"image\":{\"@type\":\"ImageObject\",\"inLanguage\":\"fr-FR\",\"@id\":\"https:\\\/\\\/secure.gravatar.com\\\/avatar\\\/8ab74524ee99a2c87959c5804579ce271cb8ca665e90c8d56d141d71f503735d?s=96&d=mm&r=g\",\"url\":\"https:\\\/\\\/secure.gravatar.com\\\/avatar\\\/8ab74524ee99a2c87959c5804579ce271cb8ca665e90c8d56d141d71f503735d?s=96&d=mm&r=g\",\"contentUrl\":\"https:\\\/\\\/secure.gravatar.com\\\/avatar\\\/8ab74524ee99a2c87959c5804579ce271cb8ca665e90c8d56d141d71f503735d?s=96&d=mm&r=g\",\"caption\":\"Audrey Damas\"},\"sameAs\":[\"https:\\\/\\\/www.audreydamas.com\"],\"url\":\"https:\\\/\\\/www.audreydamas.com\\\/fr\\\/author\\\/admin\\\/\"}]}<\/script>\n<!-- \/ Yoast SEO plugin. -->","yoast_head_json":{"title":"Regards crois\u00e9s sur l\u2019entrepreneuriat de demain, le nouveau paradigme du travail, l\u2019apprentissage \u00e0 partir de l\u2019\u00e9chec, la r\u00e9silience, la r\u00e9volution num\u00e9rique et la d\u00e9shumanisation. - Audrey Damas","robots":{"index":"index","follow":"follow","max-snippet":"max-snippet:-1","max-image-preview":"max-image-preview:large","max-video-preview":"max-video-preview:-1"},"canonical":"https:\/\/www.audreydamas.com\/fr\/regards-croises-sur-lentrepreneuriat-de-demain-le-nouveau-paradigme-du-travail-lapprentissage-a-partir-de-lechec-la-resilience-la-revolution-numerique-et-la-deshumanisat\/","og_locale":"fr_FR","og_type":"article","og_title":"Regards crois\u00e9s sur l\u2019entrepreneuriat de demain, le nouveau paradigme du travail, l\u2019apprentissage \u00e0 partir de l\u2019\u00e9chec, la r\u00e9silience, la r\u00e9volution num\u00e9rique et la d\u00e9shumanisation. - Audrey Damas","og_description":"Le monde est en proie \u00e0 de profonds changements globaux, \u00e0 une transformation \u00e0 la fois mat\u00e9rielle, sociale, \u00e9conomique, technologique, scientifique et spirituelle. Comment pouvons-nous accompagner ce changement et lui donner du sens? Comment souhaitons-nous vivre sur les plans personnel","og_url":"https:\/\/www.audreydamas.com\/fr\/regards-croises-sur-lentrepreneuriat-de-demain-le-nouveau-paradigme-du-travail-lapprentissage-a-partir-de-lechec-la-resilience-la-revolution-numerique-et-la-deshumanisat\/","og_site_name":"Audrey Damas","article_published_time":"2021-03-02T12:30:11+00:00","article_modified_time":"2021-03-02T21:17:56+00:00","og_image":[{"width":1748,"height":2560,"url":"https:\/\/www.audreydamas.com\/wp-content\/uploads\/2021\/02\/424_curvisme_las_manos_55_x_40-scaled.jpg","type":"image\/jpeg"}],"author":"Audrey Damas","twitter_card":"summary_large_image","twitter_misc":{"\u00c9crit par":"Audrey Damas","Dur\u00e9e de lecture estim\u00e9e":"41 minutes"},"schema":{"@context":"https:\/\/schema.org","@graph":[{"@type":"Article","@id":"https:\/\/www.audreydamas.com\/fr\/regards-croises-sur-lentrepreneuriat-de-demain-le-nouveau-paradigme-du-travail-lapprentissage-a-partir-de-lechec-la-resilience-la-revolution-numerique-et-la-deshumanisat\/#article","isPartOf":{"@id":"https:\/\/www.audreydamas.com\/fr\/regards-croises-sur-lentrepreneuriat-de-demain-le-nouveau-paradigme-du-travail-lapprentissage-a-partir-de-lechec-la-resilience-la-revolution-numerique-et-la-deshumanisat\/"},"author":{"name":"Audrey Damas","@id":"https:\/\/www.audreydamas.com\/fr\/#\/schema\/person\/7046ecd2f9a2fcf67fab01f81a45fb09"},"headline":"Regards crois\u00e9s sur l\u2019entrepreneuriat de demain, le nouveau paradigme du travail, l\u2019apprentissage \u00e0 partir de l\u2019\u00e9chec, la r\u00e9silience, la r\u00e9volution num\u00e9rique et la d\u00e9shumanisation.","datePublished":"2021-03-02T12:30:11+00:00","dateModified":"2021-03-02T21:17:56+00:00","mainEntityOfPage":{"@id":"https:\/\/www.audreydamas.com\/fr\/regards-croises-sur-lentrepreneuriat-de-demain-le-nouveau-paradigme-du-travail-lapprentissage-a-partir-de-lechec-la-resilience-la-revolution-numerique-et-la-deshumanisat\/"},"wordCount":8399,"commentCount":1,"publisher":{"@id":"https:\/\/www.audreydamas.com\/fr\/#organization"},"image":{"@id":"https:\/\/www.audreydamas.com\/fr\/regards-croises-sur-lentrepreneuriat-de-demain-le-nouveau-paradigme-du-travail-lapprentissage-a-partir-de-lechec-la-resilience-la-revolution-numerique-et-la-deshumanisat\/#primaryimage"},"thumbnailUrl":"https:\/\/www.audreydamas.com\/wp-content\/uploads\/2021\/02\/424_curvisme_las_manos_55_x_40-scaled.jpg","articleSection":["Non classifi\u00e9(e)"],"inLanguage":"fr-FR","potentialAction":[{"@type":"CommentAction","name":"Comment","target":["https:\/\/www.audreydamas.com\/fr\/regards-croises-sur-lentrepreneuriat-de-demain-le-nouveau-paradigme-du-travail-lapprentissage-a-partir-de-lechec-la-resilience-la-revolution-numerique-et-la-deshumanisat\/#respond"]}]},{"@type":"WebPage","@id":"https:\/\/www.audreydamas.com\/fr\/regards-croises-sur-lentrepreneuriat-de-demain-le-nouveau-paradigme-du-travail-lapprentissage-a-partir-de-lechec-la-resilience-la-revolution-numerique-et-la-deshumanisat\/","url":"https:\/\/www.audreydamas.com\/fr\/regards-croises-sur-lentrepreneuriat-de-demain-le-nouveau-paradigme-du-travail-lapprentissage-a-partir-de-lechec-la-resilience-la-revolution-numerique-et-la-deshumanisat\/","name":"Regards crois\u00e9s sur l\u2019entrepreneuriat de demain, le nouveau paradigme du travail, l\u2019apprentissage \u00e0 partir de l\u2019\u00e9chec, la r\u00e9silience, la r\u00e9volution num\u00e9rique et la d\u00e9shumanisation. - Audrey Damas","isPartOf":{"@id":"https:\/\/www.audreydamas.com\/fr\/#website"},"primaryImageOfPage":{"@id":"https:\/\/www.audreydamas.com\/fr\/regards-croises-sur-lentrepreneuriat-de-demain-le-nouveau-paradigme-du-travail-lapprentissage-a-partir-de-lechec-la-resilience-la-revolution-numerique-et-la-deshumanisat\/#primaryimage"},"image":{"@id":"https:\/\/www.audreydamas.com\/fr\/regards-croises-sur-lentrepreneuriat-de-demain-le-nouveau-paradigme-du-travail-lapprentissage-a-partir-de-lechec-la-resilience-la-revolution-numerique-et-la-deshumanisat\/#primaryimage"},"thumbnailUrl":"https:\/\/www.audreydamas.com\/wp-content\/uploads\/2021\/02\/424_curvisme_las_manos_55_x_40-scaled.jpg","datePublished":"2021-03-02T12:30:11+00:00","dateModified":"2021-03-02T21:17:56+00:00","breadcrumb":{"@id":"https:\/\/www.audreydamas.com\/fr\/regards-croises-sur-lentrepreneuriat-de-demain-le-nouveau-paradigme-du-travail-lapprentissage-a-partir-de-lechec-la-resilience-la-revolution-numerique-et-la-deshumanisat\/#breadcrumb"},"inLanguage":"fr-FR","potentialAction":[{"@type":"ReadAction","target":["https:\/\/www.audreydamas.com\/fr\/regards-croises-sur-lentrepreneuriat-de-demain-le-nouveau-paradigme-du-travail-lapprentissage-a-partir-de-lechec-la-resilience-la-revolution-numerique-et-la-deshumanisat\/"]}]},{"@type":"ImageObject","inLanguage":"fr-FR","@id":"https:\/\/www.audreydamas.com\/fr\/regards-croises-sur-lentrepreneuriat-de-demain-le-nouveau-paradigme-du-travail-lapprentissage-a-partir-de-lechec-la-resilience-la-revolution-numerique-et-la-deshumanisat\/#primaryimage","url":"https:\/\/www.audreydamas.com\/wp-content\/uploads\/2021\/02\/424_curvisme_las_manos_55_x_40-scaled.jpg","contentUrl":"https:\/\/www.audreydamas.com\/wp-content\/uploads\/2021\/02\/424_curvisme_las_manos_55_x_40-scaled.jpg","width":1748,"height":2560},{"@type":"BreadcrumbList","@id":"https:\/\/www.audreydamas.com\/fr\/regards-croises-sur-lentrepreneuriat-de-demain-le-nouveau-paradigme-du-travail-lapprentissage-a-partir-de-lechec-la-resilience-la-revolution-numerique-et-la-deshumanisat\/#breadcrumb","itemListElement":[{"@type":"ListItem","position":1,"name":"Portada","item":"https:\/\/www.audreydamas.com\/fr\/"},{"@type":"ListItem","position":2,"name":"Regards crois\u00e9s sur l\u2019entrepreneuriat de demain, le nouveau paradigme du travail, l\u2019apprentissage \u00e0 partir de l\u2019\u00e9chec, la r\u00e9silience, la r\u00e9volution num\u00e9rique et la d\u00e9shumanisation."}]},{"@type":"WebSite","@id":"https:\/\/www.audreydamas.com\/fr\/#website","url":"https:\/\/www.audreydamas.com\/fr\/","name":"Audrey Damas","description":"Palabras creadoras de sentido, autenticidad y armon\u00eda","publisher":{"@id":"https:\/\/www.audreydamas.com\/fr\/#organization"},"potentialAction":[{"@type":"SearchAction","target":{"@type":"EntryPoint","urlTemplate":"https:\/\/www.audreydamas.com\/fr\/?s={search_term_string}"},"query-input":{"@type":"PropertyValueSpecification","valueRequired":true,"valueName":"search_term_string"}}],"inLanguage":"fr-FR"},{"@type":"Organization","@id":"https:\/\/www.audreydamas.com\/fr\/#organization","name":"Audrey Damas","url":"https:\/\/www.audreydamas.com\/fr\/","logo":{"@type":"ImageObject","inLanguage":"fr-FR","@id":"https:\/\/www.audreydamas.com\/fr\/#\/schema\/logo\/image\/","url":"https:\/\/www.audreydamas.com\/wp-content\/uploads\/2020\/07\/cropped-LOGO-WEBSITE-Audrey-Damas-1.jpg","contentUrl":"https:\/\/www.audreydamas.com\/wp-content\/uploads\/2020\/07\/cropped-LOGO-WEBSITE-Audrey-Damas-1.jpg","width":88,"height":88,"caption":"Audrey Damas"},"image":{"@id":"https:\/\/www.audreydamas.com\/fr\/#\/schema\/logo\/image\/"}},{"@type":"Person","@id":"https:\/\/www.audreydamas.com\/fr\/#\/schema\/person\/7046ecd2f9a2fcf67fab01f81a45fb09","name":"Audrey Damas","image":{"@type":"ImageObject","inLanguage":"fr-FR","@id":"https:\/\/secure.gravatar.com\/avatar\/8ab74524ee99a2c87959c5804579ce271cb8ca665e90c8d56d141d71f503735d?s=96&d=mm&r=g","url":"https:\/\/secure.gravatar.com\/avatar\/8ab74524ee99a2c87959c5804579ce271cb8ca665e90c8d56d141d71f503735d?s=96&d=mm&r=g","contentUrl":"https:\/\/secure.gravatar.com\/avatar\/8ab74524ee99a2c87959c5804579ce271cb8ca665e90c8d56d141d71f503735d?s=96&d=mm&r=g","caption":"Audrey Damas"},"sameAs":["https:\/\/www.audreydamas.com"],"url":"https:\/\/www.audreydamas.com\/fr\/author\/admin\/"}]}},"_links":{"self":[{"href":"https:\/\/www.audreydamas.com\/fr\/wp-json\/wp\/v2\/posts\/1217","targetHints":{"allow":["GET"]}}],"collection":[{"href":"https:\/\/www.audreydamas.com\/fr\/wp-json\/wp\/v2\/posts"}],"about":[{"href":"https:\/\/www.audreydamas.com\/fr\/wp-json\/wp\/v2\/types\/post"}],"author":[{"embeddable":true,"href":"https:\/\/www.audreydamas.com\/fr\/wp-json\/wp\/v2\/users\/1"}],"replies":[{"embeddable":true,"href":"https:\/\/www.audreydamas.com\/fr\/wp-json\/wp\/v2\/comments?post=1217"}],"version-history":[{"count":18,"href":"https:\/\/www.audreydamas.com\/fr\/wp-json\/wp\/v2\/posts\/1217\/revisions"}],"predecessor-version":[{"id":1253,"href":"https:\/\/www.audreydamas.com\/fr\/wp-json\/wp\/v2\/posts\/1217\/revisions\/1253"}],"wp:featuredmedia":[{"embeddable":true,"href":"https:\/\/www.audreydamas.com\/fr\/wp-json\/wp\/v2\/media\/1191"}],"wp:attachment":[{"href":"https:\/\/www.audreydamas.com\/fr\/wp-json\/wp\/v2\/media?parent=1217"}],"wp:term":[{"taxonomy":"category","embeddable":true,"href":"https:\/\/www.audreydamas.com\/fr\/wp-json\/wp\/v2\/categories?post=1217"},{"taxonomy":"post_tag","embeddable":true,"href":"https:\/\/www.audreydamas.com\/fr\/wp-json\/wp\/v2\/tags?post=1217"}],"curies":[{"name":"wp","href":"https:\/\/api.w.org\/{rel}","templated":true}]}}